{"id":7209,"date":"2022-09-05T10:37:21","date_gmt":"2022-09-05T09:37:21","guid":{"rendered":"http:\/\/spnwu.pl\/?p=7209"},"modified":"2024-02-22T13:10:40","modified_gmt":"2024-02-22T12:10:40","slug":"obiady-w-naszej-szkole","status":"publish","type":"post","link":"https:\/\/spnwu.pl\/index.php\/2022\/09\/05\/obiady-w-naszej-szkole\/kronika\/kronika-2022-2023\/","title":{"rendered":"Obiady w naszej szkole &#8211; REGULAMIN"},"content":{"rendered":"\n\n\n<p>Szko\u0142a daje mo\u017cliwo\u015b\u0107 korzystania z p\u0142atnego ciep\u0142ego posi\u0142ku w postaci obiadu.<br \/>Poni\u017cej regulamin korzystania z obiad\u00f3w wraz z cenami.<\/p>\n<p><span style=\"color: #ff6600;\"><strong><a style=\"color: #ff6600;\" href=\"https:\/\/spnwu.pl\/index.php\/2022\/09\/08\/menu-obiadowe\/\" target=\"_blank\" rel=\"noopener\">Zobacz aktualne MENU<\/a><\/strong><\/span><\/p>\n<p style=\"text-align: left;\" align=\"center\"><span style=\"font-family: Calibri, sans-serif; color: #ffffff; background-color: #3366ff;\"><b>Regulamin korzystania z obiad\u00f3w w Szkole Podstawowej w Nowej Wsi Ujskiej<\/b><\/span><\/p>\n<ol>\n<li><span style=\"font-family: Calibri, sans-serif;\">Od roku szkolnego 2022\/2023 uczniowie, dzieci z oddzia\u0142\u00f3w przedszkolnych i pracownicy szko\u0142y maj\u0105 mo\u017cliwo\u015b\u0107 spo\u017cycia w szkole ciep\u0142ego posi\u0142ku w postaci obiadu.<\/span><\/li>\n<li><span style=\"font-family: Calibri, sans-serif;\">Obiady dostarczane s\u0105 do szko\u0142y na zasadzie cateringu przez firm\u0119 gastronomiczn\u0105.<\/span><\/li>\n<li><span style=\"font-family: Calibri, sans-serif;\">Posi\u0142ki przygotowywane s\u0105 zgodnie z zasadami dotycz\u0105cymi wy\u017cywienia dzieci i m\u0142odzie\u017cy w plac\u00f3wkach o\u015bwiatowych.<\/span><\/li>\n<li>Posi\u0142ki s\u0105 dobrowolne i p\u0142atne.<\/li>\n<li><span style=\"font-family: Calibri, sans-serif;\">Koszt posi\u0142ku wynosi:<\/span>\n<ol>\n<li><span style=\"font-family: Calibri, sans-serif;\">Dla ucznia i dziecka z oddzia\u0142u przedszkolnego \u2013<strong> 9,- z\u0142<\/strong><\/span><\/li>\n<li><span style=\"font-family: Calibri, sans-serif;\">Dla pracownik\u00f3w szko\u0142y &#8211; <strong>13,50 z\u0142<\/strong><br \/><\/span><\/li>\n<li><strong>Nieodp\u0142atnie<\/strong> dla dzieci, kt\u00f3rych rodzice\/opiekunowie z\u0142o\u017cyli pozytywnie rozpatrzone wnioski o finansowanie koszt\u00f3w obiad\u00f3w w Miejsko Gminnym O\u015brodku Pomocy Spo\u0142ecznej w Uj\u015bciu lub w innym w\u0142a\u015bciwym dla miejsca zamieszkania.<\/li>\n<\/ol>\n<\/li>\n<li><span style=\"font-family: Calibri, sans-serif;\">Op\u0142aty za obiady mo\u017cna uiszcza\u0107 w got\u00f3wce w sekretariacie szko\u0142y, a ponadto dla klas I-IV i oddzia\u0142u przedszkolnego w Miros\u0142awiu u wychowawcy.<\/span><\/li>\n<li><span style=\"font-family: Calibri, sans-serif;\">Wp\u0142aty potwierdzane s\u0105 pisemnym potwierdzenia wp\u0142aty.<\/span><\/li>\n<li><span style=\"font-family: Calibri, sans-serif;\">Wp\u0142aty nale\u017cy dokonywa\u0107 za dany miesi\u0105c lub wybrane dni \u201ez g\u00f3ry\u201d.<\/span><\/li>\n<li><span style=\"font-family: Calibri, sans-serif;\">Mo\u017cna wykupi\u0107 obiady na inny okres ni\u017c 1 miesi\u0105c (np. na wybrany dzie\u0144 lub dni).<\/span><\/li>\n<li><strong><span style=\"font-family: Calibri, sans-serif;\">Zakup obiadu musi zosta\u0107 dokonany minimum 1 dzie\u0144 przed planowanym korzystaniem z posi\u0142ku do godziny 14:00 w dni pracy szko\u0142y.<\/span><\/strong><\/li>\n<li><strong><span style=\"font-family: Calibri, sans-serif;\"><span style=\"color: #0000ff;\">W przypadku sytuacji losowych (nieobecno\u015b\u0107 w szkole, rezygnacja z posi\u0142k\u00f3w) fakt ten nale\u017cy zg\u0142osi\u0107 najp\u00f3\u017aniej w dzie\u0144 posi\u0142ku <span style=\"text-decoration: underline;\">do godziny 7:45 w sekretariacie szko\u0142y lub telefonicznie pod numerami: 665 100 496 lub 67 284 00 36<\/span>.<\/span> <span style=\"color: #ff6600;\">Wychowawcy nie przyjmuj\u0105 takich zg\u0142osze\u0144.\u00a0<\/span><\/span><\/strong>\n<ol>\n<li><strong><span style=\"font-family: Calibri, sans-serif;\">W takim przypadku nast\u0105pi zwrot pieni\u0119dzy lub przepisanie na kolejne posi\u0142ki \u2013 do uzgodnienia.<br \/><\/span><\/strong><\/li>\n<li><strong><span style=\"font-family: Calibri, sans-serif;\">W przypadku nie zg\u0142oszenia w wyznaczonym terminie o rezygnacji z obiadu\/obiad\u00f3w posi\u0142ek zostanie przygotowany i dostarczony do szko\u0142y. Taki posi\u0142ek b\u0119dzie do odbioru w szkole do godziny 15:30. Nieodebrany obiad zostanie zutylizowany bez mo\u017cliwo\u015bci zwrotu pieni\u0119dzy.<\/span><\/strong><\/li>\n<\/ol>\n<\/li>\n<li><span style=\"font-family: Calibri, sans-serif;\">Dzieci b\u0119d\u0105 spo\u017cywa\u0142y obiady w specjalnie do tego wyznaczonych jadalniach, zapewniaj\u0105cych bezpiecze\u0144stwo i odpowiedni\u0105 higien\u0119.<\/span>\n<ol>\n<li><span style=\"font-family: Calibri, sans-serif;\">Dzieci z oddzia\u0142\u00f3w przedszkolnych o godzinie 12:30<\/span><\/li>\n<li><span style=\"font-family: Calibri, sans-serif;\">Uczniowie klas I \u2013 VIII od godziny 12:45.<\/span><\/li>\n<li><span style=\"font-family: Calibri, sans-serif;\">Jadalnie znajduj\u0105 si\u0119 w obu budynkach szko\u0142y.<\/span><span style=\"font-family: Calibri, sans-serif;\"><br \/><\/span><\/li>\n<\/ol>\n<\/li>\n<li><span style=\"font-family: Calibri, sans-serif;\">Obiady dostarczane s\u0105 do szko\u0142y o godzinie 12:30.<\/span><\/li>\n<li><span style=\"font-family: Calibri, sans-serif;\">Obiady odbierane po godzinie 13:30 mog\u0105 wymaga\u0107 podgrzania.<\/span><\/li>\n<li>Niniejszy regulamin i aktualne menu jest dost\u0119pne na stronie szko\u0142y spnwu.pl w zak\u0142adce \u201cObiady\u201d<br \/><br \/><\/li>\n<\/ol>\n<p><em>Aktualizacja na dzie\u0144 002.01.2024.<\/em><\/p>\n","protected":false},"excerpt":{"rendered":"<p>Szko\u0142a daje mo\u017cliwo\u015b\u0107 korzystania z p\u0142atnego ciep\u0142ego posi\u0142ku w postaci obiadu.Poni\u017cej regulamin korzystania z obiad\u00f3w wraz z cenami. Zobacz aktualne MENU Regulamin korzystania z obiad\u00f3w w Szkole Podstawowej w Nowej &hellip;<\/p>\n","protected":false},"author":1,"featured_media":7210,"comment_status":"closed","ping_status":"closed","sticky":false,"template":"","format":"standard","meta":{"_themeisle_gutenberg_block_has_review":false,"footnotes":""},"categories":[42,44],"tags":[],"class_list":["post-7209","post","type-post","status-publish","format-standard","has-post-thumbnail","hentry","category-kronika-2022-2023","category-obiady"],"_links":{"self":[{"href":"https:\/\/spnwu.pl\/index.php\/wp-json\/wp\/v2\/posts\/7209","targetHints":{"allow":["GET"]}}],"collection":[{"href":"https:\/\/spnwu.pl\/index.php\/wp-json\/wp\/v2\/posts"}],"about":[{"href":"https:\/\/spnwu.pl\/index.php\/wp-json\/wp\/v2\/types\/post"}],"author":[{"embeddable":true,"href":"https:\/\/spnwu.pl\/index.php\/wp-json\/wp\/v2\/users\/1"}],"replies":[{"embeddable":true,"href":"https:\/\/spnwu.pl\/index.php\/wp-json\/wp\/v2\/comments?post=7209"}],"version-history":[{"count":38,"href":"https:\/\/spnwu.pl\/index.php\/wp-json\/wp\/v2\/posts\/7209\/revisions"}],"predecessor-version":[{"id":9855,"href":"https:\/\/spnwu.pl\/index.php\/wp-json\/wp\/v2\/posts\/7209\/revisions\/9855"}],"wp:featuredmedia":[{"embeddable":true,"href":"https:\/\/spnwu.pl\/index.php\/wp-json\/wp\/v2\/media\/7210"}],"wp:attachment":[{"href":"https:\/\/spnwu.pl\/index.php\/wp-json\/wp\/v2\/media?parent=7209"}],"wp:term":[{"taxonomy":"category","embeddable":true,"href":"https:\/\/spnwu.pl\/index.php\/wp-json\/wp\/v2\/categories?post=7209"},{"taxonomy":"post_tag","embeddable":true,"href":"https:\/\/spnwu.pl\/index.php\/wp-json\/wp\/v2\/tags?post=7209"}],"curies":[{"name":"wp","href":"https:\/\/api.w.org\/{rel}","templated":true}]}}