{"id":4676,"date":"2020-10-01T10:08:39","date_gmt":"2020-10-01T09:08:39","guid":{"rendered":"http:\/\/spnwu.pl\/?p=4676"},"modified":"2021-03-03T12:22:13","modified_gmt":"2021-03-03T11:22:13","slug":"europejski-dzien-jezykow","status":"publish","type":"post","link":"https:\/\/spnwu.pl\/index.php\/2020\/10\/01\/europejski-dzien-jezykow\/kronika\/kronika-2020-2021\/","title":{"rendered":"Europejski Dzie\u0144 J\u0119zyk\u00f3w"},"content":{"rendered":"\n<div dir=\"auto\">26 wrze\u015bnia obchodzili\u015bmy Europejski Dzie\u0144 J\u0119zyk\u00f3w. W zwi\u0105zku z tym, \u017ce w tym roku przypad\u0142 on w sobot\u0119 my ju\u017c dzie\u0144 wcze\u015bniej przy\u0142\u0105czyli\u015bmy si\u0119 do jego obchod\u00f3w. Pierwsza edycja Europejskiego Dnia J\u0119zyk\u00f3w,\u00a0 zorganizowana w 2001 roku wsp\u00f3lnie przez Rad\u0119 Europy oraz Uni\u0119 Europejsk\u0105, odnios\u0142a ogromny sukces, wzbudzaj\u0105c\u00a0 zainteresowanie milion\u00f3w ludzi w\u00a0 45 uczestnicz\u0105cych w tym wydarzeniu krajach. W ramach obchod\u00f3w Dnia J\u0119zyk\u00f3w podnoszono zalety j\u0119zykowej r\u00f3\u017cnorodno\u015bci Europy oraz propagowano uczenie si\u0119\u00a0 j\u0119zyk\u00f3w.\u00a0<\/div>\n<div dir=\"auto\">Ka\u017cdego roku staramy si\u0119 \u015bwi\u0119towa\u0107 troch\u0119 inaczej. By\u0142y ju\u017c quizy, plakaty, fotobudki itp. W tym roku ka\u017cda z klas 1-4 przenios\u0142a si\u0119 do innego kraju podsumowuj\u0105c wiedz\u0119 o nim przygotowaniem elementu dekoracji szkolnego korytarza. Dodatkowo uda\u0142o nam si\u0119 nauczy\u0107 kr\u00f3tkich powita\u0144 w kilku j\u0119zykach. Okaza\u0142o si\u0119, \u017ce dzieci potrafi\u0105 powita\u0107 si\u0119 w j\u0119zykach: francuskim, w\u0142oskim, niemieckim, szwedzkim i wielu innych. Efektem finalnym jest kr\u00f3tki filmik podsumowuj\u0105cy ten j\u0119zykowy dzie\u0144, w kt\u00f3rym nie mog\u0142o zabrakn\u0105\u0107 piosenki, kt\u00f3ra towarzyszy nam ju\u017c w tym dniu od kilku lat, czyli &#8222;Hello to all the children of the world&#8221; (wyk. Wee\u00a0 Sing).<\/div>\n\n\n\n<figure class=\"wp-block-gallery columns-3 is-cropped wp-block-gallery-1 is-layout-flex wp-block-gallery-is-layout-flex\"><ul class=\"blocks-gallery-grid\"><li class=\"blocks-gallery-item\"><figure><a href=\"https:\/\/spnwu.pl\/wp-content\/uploads\/2020\/10\/2020.09.26_Europejski_dzien_je07kow_01.jpg\"><img loading=\"lazy\" decoding=\"async\" width=\"1024\" height=\"768\" src=\"https:\/\/spnwu.pl\/wp-content\/uploads\/2020\/10\/2020.09.26_Europejski_dzien_je07kow_01.jpg\" alt=\"\" data-id=\"4677\" data-full-url=\"https:\/\/spnwu.pl\/wp-content\/uploads\/2020\/10\/2020.09.26_Europejski_dzien_je07kow_01.jpg\" data-link=\"https:\/\/spnwu.pl\/?attachment_id=4677\" class=\"wp-image-4677\" srcset=\"https:\/\/spnwu.pl\/wp-content\/uploads\/2020\/10\/2020.09.26_Europejski_dzien_je07kow_01.jpg 1024w, https:\/\/spnwu.pl\/wp-content\/uploads\/2020\/10\/2020.09.26_Europejski_dzien_je07kow_01-300x225.jpg 300w, https:\/\/spnwu.pl\/wp-content\/uploads\/2020\/10\/2020.09.26_Europejski_dzien_je07kow_01-768x576.jpg 768w, https:\/\/spnwu.pl\/wp-content\/uploads\/2020\/10\/2020.09.26_Europejski_dzien_je07kow_01-267x200.jpg 267w\" sizes=\"auto, (max-width: 1024px) 100vw, 1024px\" \/><\/a><\/figure><\/li><li class=\"blocks-gallery-item\"><figure><a href=\"https:\/\/spnwu.pl\/wp-content\/uploads\/2020\/10\/2020.09.26_Europejski_dzien_jezykow.jpg\"><img loading=\"lazy\" decoding=\"async\" width=\"768\" height=\"768\" src=\"https:\/\/spnwu.pl\/wp-content\/uploads\/2020\/10\/2020.09.26_Europejski_dzien_jezykow.jpg\" alt=\"\" data-id=\"4678\" data-full-url=\"https:\/\/spnwu.pl\/wp-content\/uploads\/2020\/10\/2020.09.26_Europejski_dzien_jezykow.jpg\" data-link=\"https:\/\/spnwu.pl\/?attachment_id=4678\" class=\"wp-image-4678\" srcset=\"https:\/\/spnwu.pl\/wp-content\/uploads\/2020\/10\/2020.09.26_Europejski_dzien_jezykow.jpg 768w, https:\/\/spnwu.pl\/wp-content\/uploads\/2020\/10\/2020.09.26_Europejski_dzien_jezykow-300x300.jpg 300w, https:\/\/spnwu.pl\/wp-content\/uploads\/2020\/10\/2020.09.26_Europejski_dzien_jezykow-150x150.jpg 150w, https:\/\/spnwu.pl\/wp-content\/uploads\/2020\/10\/2020.09.26_Europejski_dzien_jezykow-200x200.jpg 200w\" sizes=\"auto, (max-width: 768px) 100vw, 768px\" \/><\/a><\/figure><\/li><li class=\"blocks-gallery-item\"><figure><a href=\"https:\/\/spnwu.pl\/wp-content\/uploads\/2020\/10\/2020.09.26_Europejski_dzien_jezykow_02.jpg\"><img loading=\"lazy\" decoding=\"async\" width=\"768\" height=\"768\" src=\"https:\/\/spnwu.pl\/wp-content\/uploads\/2020\/10\/2020.09.26_Europejski_dzien_jezykow_02.jpg\" alt=\"\" data-id=\"4679\" data-full-url=\"https:\/\/spnwu.pl\/wp-content\/uploads\/2020\/10\/2020.09.26_Europejski_dzien_jezykow_02.jpg\" data-link=\"https:\/\/spnwu.pl\/?attachment_id=4679\" class=\"wp-image-4679\" srcset=\"https:\/\/spnwu.pl\/wp-content\/uploads\/2020\/10\/2020.09.26_Europejski_dzien_jezykow_02.jpg 768w, https:\/\/spnwu.pl\/wp-content\/uploads\/2020\/10\/2020.09.26_Europejski_dzien_jezykow_02-300x300.jpg 300w, https:\/\/spnwu.pl\/wp-content\/uploads\/2020\/10\/2020.09.26_Europejski_dzien_jezykow_02-150x150.jpg 150w, https:\/\/spnwu.pl\/wp-content\/uploads\/2020\/10\/2020.09.26_Europejski_dzien_jezykow_02-200x200.jpg 200w\" sizes=\"auto, (max-width: 768px) 100vw, 768px\" \/><\/a><\/figure><\/li><li class=\"blocks-gallery-item\"><figure><a href=\"https:\/\/spnwu.pl\/wp-content\/uploads\/2020\/10\/2020.09.26_Europejski_dzien_jezykow_03.jpg\"><img loading=\"lazy\" decoding=\"async\" width=\"768\" height=\"768\" src=\"https:\/\/spnwu.pl\/wp-content\/uploads\/2020\/10\/2020.09.26_Europejski_dzien_jezykow_03.jpg\" alt=\"\" data-id=\"4680\" data-full-url=\"https:\/\/spnwu.pl\/wp-content\/uploads\/2020\/10\/2020.09.26_Europejski_dzien_jezykow_03.jpg\" data-link=\"https:\/\/spnwu.pl\/?attachment_id=4680\" class=\"wp-image-4680\" srcset=\"https:\/\/spnwu.pl\/wp-content\/uploads\/2020\/10\/2020.09.26_Europejski_dzien_jezykow_03.jpg 768w, https:\/\/spnwu.pl\/wp-content\/uploads\/2020\/10\/2020.09.26_Europejski_dzien_jezykow_03-300x300.jpg 300w, https:\/\/spnwu.pl\/wp-content\/uploads\/2020\/10\/2020.09.26_Europejski_dzien_jezykow_03-150x150.jpg 150w, https:\/\/spnwu.pl\/wp-content\/uploads\/2020\/10\/2020.09.26_Europejski_dzien_jezykow_03-200x200.jpg 200w\" sizes=\"auto, (max-width: 768px) 100vw, 768px\" \/><\/a><\/figure><\/li><li class=\"blocks-gallery-item\"><figure><a href=\"https:\/\/spnwu.pl\/wp-content\/uploads\/2020\/10\/2020.09.26_Europejski_dzien_jezykow_04.jpg\"><img loading=\"lazy\" decoding=\"async\" width=\"1024\" height=\"768\" src=\"https:\/\/spnwu.pl\/wp-content\/uploads\/2020\/10\/2020.09.26_Europejski_dzien_jezykow_04.jpg\" alt=\"\" data-id=\"4681\" data-full-url=\"https:\/\/spnwu.pl\/wp-content\/uploads\/2020\/10\/2020.09.26_Europejski_dzien_jezykow_04.jpg\" data-link=\"https:\/\/spnwu.pl\/?attachment_id=4681\" class=\"wp-image-4681\" srcset=\"https:\/\/spnwu.pl\/wp-content\/uploads\/2020\/10\/2020.09.26_Europejski_dzien_jezykow_04.jpg 1024w, https:\/\/spnwu.pl\/wp-content\/uploads\/2020\/10\/2020.09.26_Europejski_dzien_jezykow_04-300x225.jpg 300w, https:\/\/spnwu.pl\/wp-content\/uploads\/2020\/10\/2020.09.26_Europejski_dzien_jezykow_04-768x576.jpg 768w, https:\/\/spnwu.pl\/wp-content\/uploads\/2020\/10\/2020.09.26_Europejski_dzien_jezykow_04-267x200.jpg 267w\" sizes=\"auto, (max-width: 1024px) 100vw, 1024px\" \/><\/a><\/figure><\/li><li class=\"blocks-gallery-item\"><figure><a href=\"https:\/\/spnwu.pl\/wp-content\/uploads\/2020\/10\/2020.09.26_Europejski_dzien_jezykow_05.jpg\"><img loading=\"lazy\" decoding=\"async\" width=\"1024\" height=\"768\" src=\"https:\/\/spnwu.pl\/wp-content\/uploads\/2020\/10\/2020.09.26_Europejski_dzien_jezykow_05.jpg\" alt=\"\" data-id=\"4682\" data-full-url=\"https:\/\/spnwu.pl\/wp-content\/uploads\/2020\/10\/2020.09.26_Europejski_dzien_jezykow_05.jpg\" data-link=\"https:\/\/spnwu.pl\/?attachment_id=4682\" class=\"wp-image-4682\" srcset=\"https:\/\/spnwu.pl\/wp-content\/uploads\/2020\/10\/2020.09.26_Europejski_dzien_jezykow_05.jpg 1024w, https:\/\/spnwu.pl\/wp-content\/uploads\/2020\/10\/2020.09.26_Europejski_dzien_jezykow_05-300x225.jpg 300w, https:\/\/spnwu.pl\/wp-content\/uploads\/2020\/10\/2020.09.26_Europejski_dzien_jezykow_05-768x576.jpg 768w, https:\/\/spnwu.pl\/wp-content\/uploads\/2020\/10\/2020.09.26_Europejski_dzien_jezykow_05-267x200.jpg 267w\" sizes=\"auto, (max-width: 1024px) 100vw, 1024px\" \/><\/a><\/figure><\/li><\/ul><\/figure>\n","protected":false},"excerpt":{"rendered":"<p>26 wrze\u015bnia obchodzili\u015bmy Europejski Dzie\u0144 J\u0119zyk\u00f3w. W zwi\u0105zku z tym, \u017ce w tym roku przypad\u0142 on w sobot\u0119 my ju\u017c dzie\u0144 wcze\u015bniej przy\u0142\u0105czyli\u015bmy si\u0119 do jego obchod\u00f3w. Pierwsza edycja Europejskiego &hellip;<\/p>\n","protected":false},"author":1,"featured_media":4685,"comment_status":"closed","ping_status":"closed","sticky":false,"template":"","format":"standard","meta":{"_themeisle_gutenberg_block_has_review":false,"footnotes":""},"categories":[33],"tags":[],"class_list":["post-4676","post","type-post","status-publish","format-standard","has-post-thumbnail","hentry","category-kronika-2020-2021"],"_links":{"self":[{"href":"https:\/\/spnwu.pl\/index.php\/wp-json\/wp\/v2\/posts\/4676","targetHints":{"allow":["GET"]}}],"collection":[{"href":"https:\/\/spnwu.pl\/index.php\/wp-json\/wp\/v2\/posts"}],"about":[{"href":"https:\/\/spnwu.pl\/index.php\/wp-json\/wp\/v2\/types\/post"}],"author":[{"embeddable":true,"href":"https:\/\/spnwu.pl\/index.php\/wp-json\/wp\/v2\/users\/1"}],"replies":[{"embeddable":true,"href":"https:\/\/spnwu.pl\/index.php\/wp-json\/wp\/v2\/comments?post=4676"}],"version-history":[{"count":2,"href":"https:\/\/spnwu.pl\/index.php\/wp-json\/wp\/v2\/posts\/4676\/revisions"}],"predecessor-version":[{"id":4687,"href":"https:\/\/spnwu.pl\/index.php\/wp-json\/wp\/v2\/posts\/4676\/revisions\/4687"}],"wp:featuredmedia":[{"embeddable":true,"href":"https:\/\/spnwu.pl\/index.php\/wp-json\/wp\/v2\/media\/4685"}],"wp:attachment":[{"href":"https:\/\/spnwu.pl\/index.php\/wp-json\/wp\/v2\/media?parent=4676"}],"wp:term":[{"taxonomy":"category","embeddable":true,"href":"https:\/\/spnwu.pl\/index.php\/wp-json\/wp\/v2\/categories?post=4676"},{"taxonomy":"post_tag","embeddable":true,"href":"https:\/\/spnwu.pl\/index.php\/wp-json\/wp\/v2\/tags?post=4676"}],"curies":[{"name":"wp","href":"https:\/\/api.w.org\/{rel}","templated":true}]}}