{"id":4464,"date":"2020-08-28T10:54:23","date_gmt":"2020-08-28T10:54:23","guid":{"rendered":"http:\/\/spnwu.pl\/?p=4464"},"modified":"2021-03-03T12:27:27","modified_gmt":"2021-03-03T11:27:27","slug":"1-wrzesnia-2021-w-szkole","status":"publish","type":"post","link":"https:\/\/spnwu.pl\/index.php\/2020\/08\/28\/1-wrzesnia-2021-w-szkole\/kronika\/kronika-2020-2021\/","title":{"rendered":"1 wrze\u015bnia 2020 w szkole!"},"content":{"rendered":"\n<h3 style=\"text-align: left;\"><strong>Rozpocz\u0119cie roku szkolnego 2020-2021<\/strong><\/h3>\n<p><strong>9:00 &#8211; klasy 1-4 w Miros\u0142awiu<\/strong><br \/><strong>9:45 &#8211; klasy 5-8 w Nowej Wsi Ujskiej<\/strong><\/p>\n<p><strong>Dowozy w dniu 1 wrze\u015bnia:<\/strong><br \/>Z Nowej Wsi Ujskiej do Miros\u0142awia &#8211; 8:45<br \/>Z Miros\u0142awia do Nowej Wsi Ujskiej &#8211; 9:30<br \/>Z Nowej Wsi Ujskiej do Miros\u0142awia &#8211; 10:15<\/p>\n<p><strong>Dzieci klas pierwszych dowo\u017cone s\u0105 przez rodzic\u00f3w (dotyczy tylko 1 wrze\u015bnia).<\/strong><br \/><strong>Rodzice nie mog\u0105 korzysta\u0107 z dowoz\u00f3w szkolnych.<\/strong><\/p>\n<p>W oczekiwaniu na autobus nale\u017cy zachowa\u0107 dystans spo\u0142eczny 1,5 metra.<br \/>Podczas jazdy autobusem obowi\u0105zuje zas\u0142anianie ust i nosa i je\u015bli jest to mo\u017cliwe siadanie na co drugim miejscu (co drugie miejsce powinno by\u0107 wolne).<\/p>\n<p>Rozpocz\u0119cie nowego roku szkolnego odb\u0119dzie si\u0119 z zachowaniem obostrze\u0144 dotycz\u0105cych zagro\u017cenia COVID-19.<br \/>Podczas apelu, kt\u00f3ry odb\u0119dzie si\u0119 na zewn\u0105trz szko\u0142y, b\u0119d\u0105 wyznaczone strefy dla rodzic\u00f3w i dla dzieci.<\/p>\n<p>Nale\u017cy zapozna\u0107 si\u0119 z najwa\u017cniejszymi wytycznymi, dotycz\u0105cymi ucznia i rodzica zamieszczonymi na naszej stronie internetowej. <a href=\"https:\/\/spnwu.pl\/index.php\/2020\/08\/28\/wazne-zasady-postepowania-i-zachowania-w-szkole-dotyczace-zapobiegania-covid-19-w-nowym-roku-szkolnym\/\" data-wplink-edit=\"true\"><strong>&gt;&gt;&gt; ZOBACZ<\/strong><\/a><\/p>\n","protected":false},"excerpt":{"rendered":"<p>Rozpocz\u0119cie roku szkolnego 2020-2021 9:00 &#8211; klasy 1-4 w Miros\u0142awiu9:45 &#8211; klasy 5-8 w Nowej Wsi Ujskiej Dowozy w dniu 1 wrze\u015bnia:Z Nowej Wsi Ujskiej do Miros\u0142awia &#8211; 8:45Z Miros\u0142awia &hellip;<\/p>\n","protected":false},"author":1,"featured_media":4465,"comment_status":"closed","ping_status":"closed","sticky":false,"template":"","format":"standard","meta":{"_themeisle_gutenberg_block_has_review":false,"footnotes":""},"categories":[33],"tags":[],"class_list":["post-4464","post","type-post","status-publish","format-standard","has-post-thumbnail","hentry","category-kronika-2020-2021"],"_links":{"self":[{"href":"https:\/\/spnwu.pl\/index.php\/wp-json\/wp\/v2\/posts\/4464","targetHints":{"allow":["GET"]}}],"collection":[{"href":"https:\/\/spnwu.pl\/index.php\/wp-json\/wp\/v2\/posts"}],"about":[{"href":"https:\/\/spnwu.pl\/index.php\/wp-json\/wp\/v2\/types\/post"}],"author":[{"embeddable":true,"href":"https:\/\/spnwu.pl\/index.php\/wp-json\/wp\/v2\/users\/1"}],"replies":[{"embeddable":true,"href":"https:\/\/spnwu.pl\/index.php\/wp-json\/wp\/v2\/comments?post=4464"}],"version-history":[{"count":5,"href":"https:\/\/spnwu.pl\/index.php\/wp-json\/wp\/v2\/posts\/4464\/revisions"}],"predecessor-version":[{"id":4486,"href":"https:\/\/spnwu.pl\/index.php\/wp-json\/wp\/v2\/posts\/4464\/revisions\/4486"}],"wp:featuredmedia":[{"embeddable":true,"href":"https:\/\/spnwu.pl\/index.php\/wp-json\/wp\/v2\/media\/4465"}],"wp:attachment":[{"href":"https:\/\/spnwu.pl\/index.php\/wp-json\/wp\/v2\/media?parent=4464"}],"wp:term":[{"taxonomy":"category","embeddable":true,"href":"https:\/\/spnwu.pl\/index.php\/wp-json\/wp\/v2\/categories?post=4464"},{"taxonomy":"post_tag","embeddable":true,"href":"https:\/\/spnwu.pl\/index.php\/wp-json\/wp\/v2\/tags?post=4464"}],"curies":[{"name":"wp","href":"https:\/\/api.w.org\/{rel}","templated":true}]}}