{"id":3238,"date":"2019-09-03T11:36:10","date_gmt":"2019-09-03T10:36:10","guid":{"rendered":"http:\/\/spnwu.pl\/?p=3238"},"modified":"2025-09-11T07:16:15","modified_gmt":"2025-09-11T06:16:15","slug":"3238","status":"publish","type":"post","link":"https:\/\/spnwu.pl\/index.php\/2019\/09\/03\/3238\/aktualnosci\/","title":{"rendered":"Harmonogram przewoz\u00f3w 2025\/2026"},"content":{"rendered":"\n<p style=\"text-align: center;\"><strong>HARMONOGRAM PRZEWOZ\u00d3W SZKOLNYCH<\/strong><\/p>\n<p style=\"text-align: center;\"><strong>Szko\u0142a Podstawowa w Nowej Wsi Ujskiej<\/strong><\/p>\n<p style=\"text-align: center;\"><strong>Rok szkolny 2025\/ 2026<\/strong><\/p>\n\n\n\n<table style=\"height: 150px; width: 100%; border-collapse: collapse; border-color: #030000; border-style: double;\" border=\"2\">\n<tbody>\n<tr style=\"height: 22px;\">\n<td style=\"width: 25%; text-align: center; height: 22px; border-style: solid; border-color: #030000;\">\u00a0<\/td>\n<td style=\"width: 25%; text-align: center; height: 22px; border-style: solid; border-color: #030000;\"><strong>Dowozy<\/strong><\/td>\n<td style=\"width: 50%; text-align: center; height: 22px; border-style: solid; border-color: #030000;\" colspan=\"2\"><strong>Odwozy<\/strong><\/td>\n<\/tr>\n<tr style=\"height: 41px;\">\n<td style=\"width: 25%; height: 41px; border-style: solid; border-color: #030000;\">\n<p><strong><span style=\"color: #333333;\">\u00a0 \u00a0 \u00a0 \u00a0 \u00a0 \u00a0 \u00a0 \u00a0 \u00a0Uczniowie z Miros\u0142awia<\/span><\/strong><\/p>\n<p><strong><span style=\"color: #333333;\">\u00a0 \u00a0 \u00a0 \u00a0 \u00a0 \u00a0 \u00a0 \u00a0 \u00a0 \u00a0 \u00a0 \u00a0 \u00a0(klasy 5-8)<\/span><\/strong><\/p>\n<\/td>\n<td style=\"width: 25%; height: 41px; border-style: solid; border-color: #030000;\">\n<p><span style=\"color: #333333;\">\u00a0 \u00a0 \u00a0 \u00a0 <strong>7:50<\/strong> &#8211; od poniedzia\u0142ku do pi\u0105tku<\/span><\/p>\n<p><span style=\"color: #333333;\"><span style=\"color: #000000;\">\u00a0 \u00a0Przystanki:<br \/>\u00a0 \u00a0 1. W g\u00f3rnej cz\u0119\u015bci wsi; <br \/>\u00a0 \u00a0 2. W dolnej cz\u0119\u015bci wsi.<\/span><\/span><\/p>\n<\/td>\n<td style=\"width: 26.4218%; height: 41px; border-style: solid; border-color: #030000;\" colspan=\"2\">\n<p><strong><span style=\"color: #333333;\">\u00a0 \u00a0 \u00a0 \u00a0<\/span><\/strong><strong><span style=\"color: #333333;\">\u00a0 \u00a014:55-<\/span><\/strong><span style=\"color: #333333;\"> od poniedzia\u0142ku do pi\u0105tku<\/span><strong><span style=\"color: #333333;\"><br \/><\/span><\/strong><\/p>\n<p style=\"text-align: left;\">\u00a0 \u00a0 \u00a0 \u00a0 \u00a0 <strong>15:35<\/strong> &#8211; czwartek (kl. VII, VIII)<\/p>\n<\/td>\n<\/tr>\n<tr style=\"height: 87px;\">\n<td style=\"width: 25%; height: 87px; border-style: solid; border-color: #030000;\">\n<p><strong><span style=\"color: #333333;\">\u00a0 \u00a0 \u00a0 \u00a0 \u00a0 \u00a0 \u00a0 \u00a0 \u00a0Uczniowie z Nowej Wsi Ujskiej<\/span><\/strong><\/p>\n<p><strong><span style=\"color: #333333;\">\u00a0 \u00a0 \u00a0 \u00a0 \u00a0 \u00a0 \u00a0 \u00a0 \u00a0 \u00a0 \u00a0 \u00a0 \u00a0 \u00a0 \u00a0 (klasy 1-4)<\/span><\/strong><\/p>\n<\/td>\n<td style=\"width: 25%; height: 87px; border-style: solid; border-color: #030000;\">\n<p><span style=\"color: #333333;\"><strong>\u00a0 \u00a0 \u00a0 \u00a07:45<\/strong>\u00a0&#8211; od poniedzia\u0142ku do pi\u0105tku<\/span><\/p>\n<p><span style=\"color: #000000;\">\u00a0 \u00a0Przystanki:<br \/>\u00a0 \u00a0 1. Przy sklepie w centrum wsi; <br \/>\u00a0 \u00a0 2. Przy budynku szko\u0142y.<\/span><\/p>\n<\/td>\n<td style=\"width: 26.4218%; height: 87px; border-style: solid; border-color: #030000;\" colspan=\"2\">\n<p><span style=\"color: #333333;\">\u00a0 \u00a0 \u00a0 \u00a0 \u00a0<strong>13:10<\/strong> &#8211; od poniedzia\u0142ku do pi\u0105tku<\/span><br \/><span style=\"color: #333333;\">\u00a0 \u00a0 \u00a0 \u00a0 \u00a0<strong>15:00<\/strong> &#8211; od poniedzia\u0142ku do pi\u0105tku<\/span><\/p>\n<\/td>\n<\/tr>\n<\/tbody>\n<\/table>\n","protected":false},"excerpt":{"rendered":"<p>HARMONOGRAM PRZEWOZ\u00d3W SZKOLNYCH Szko\u0142a Podstawowa w Nowej Wsi Ujskiej Rok szkolny 2025\/ 2026 \u00a0 Dowozy Odwozy \u00a0 \u00a0 \u00a0 \u00a0 \u00a0 \u00a0 \u00a0 \u00a0 \u00a0Uczniowie z Miros\u0142awia \u00a0 \u00a0 \u00a0 &hellip;<\/p>\n","protected":false},"author":1,"featured_media":3245,"comment_status":"closed","ping_status":"closed","sticky":false,"template":"","format":"standard","meta":{"_themeisle_gutenberg_block_has_review":false,"footnotes":""},"categories":[12,36],"tags":[],"class_list":["post-3238","post","type-post","status-publish","format-standard","has-post-thumbnail","hentry","category-aktualnosci","category-kronika-2021-2022"],"_links":{"self":[{"href":"https:\/\/spnwu.pl\/index.php\/wp-json\/wp\/v2\/posts\/3238","targetHints":{"allow":["GET"]}}],"collection":[{"href":"https:\/\/spnwu.pl\/index.php\/wp-json\/wp\/v2\/posts"}],"about":[{"href":"https:\/\/spnwu.pl\/index.php\/wp-json\/wp\/v2\/types\/post"}],"author":[{"embeddable":true,"href":"https:\/\/spnwu.pl\/index.php\/wp-json\/wp\/v2\/users\/1"}],"replies":[{"embeddable":true,"href":"https:\/\/spnwu.pl\/index.php\/wp-json\/wp\/v2\/comments?post=3238"}],"version-history":[{"count":48,"href":"https:\/\/spnwu.pl\/index.php\/wp-json\/wp\/v2\/posts\/3238\/revisions"}],"predecessor-version":[{"id":11773,"href":"https:\/\/spnwu.pl\/index.php\/wp-json\/wp\/v2\/posts\/3238\/revisions\/11773"}],"wp:featuredmedia":[{"embeddable":true,"href":"https:\/\/spnwu.pl\/index.php\/wp-json\/wp\/v2\/media\/3245"}],"wp:attachment":[{"href":"https:\/\/spnwu.pl\/index.php\/wp-json\/wp\/v2\/media?parent=3238"}],"wp:term":[{"taxonomy":"category","embeddable":true,"href":"https:\/\/spnwu.pl\/index.php\/wp-json\/wp\/v2\/categories?post=3238"},{"taxonomy":"post_tag","embeddable":true,"href":"https:\/\/spnwu.pl\/index.php\/wp-json\/wp\/v2\/tags?post=3238"}],"curies":[{"name":"wp","href":"https:\/\/api.w.org\/{rel}","templated":true}]}}