{"id":3143,"date":"2019-06-12T11:53:14","date_gmt":"2019-06-12T11:53:14","guid":{"rendered":"http:\/\/spnwu.pl\/?p=3143"},"modified":"2019-08-19T15:32:38","modified_gmt":"2019-08-19T15:32:38","slug":"wycieczka-przedszkolakow-do-lubnicy","status":"publish","type":"post","link":"https:\/\/spnwu.pl\/index.php\/2019\/06\/12\/wycieczka-przedszkolakow-do-lubnicy\/kronika\/kronika-2018-2019\/","title":{"rendered":"Wycieczka przedszkolak\u00f3w do Lubnicy"},"content":{"rendered":"\n<p>7 czerwca przedszkolaki z oddzia\u0142\u00f3w w Miros\u0142awiu i Nowej Wsi Ujskiej wyjecha\u0142y na wycieczk\u0119 do parku owad\u00f3w w Lubnicy. Zapraszamy na kr\u00f3tk\u0105 foto &#8211; relacj\u0119.<\/p>\n\n\n\n<ul class=\"wp-block-gallery columns-4 is-cropped wp-block-gallery-1 is-layout-flex wp-block-gallery-is-layout-flex\"><li class=\"blocks-gallery-item\"><figure><a href=\"https:\/\/spnwu.pl\/wp-content\/uploads\/2019\/06\/2019.09.07_wycieczka_przedszkole_lubnica-495x1024.jpg\"><img loading=\"lazy\" decoding=\"async\" width=\"495\" height=\"1024\" src=\"https:\/\/spnwu.pl\/wp-content\/uploads\/2019\/06\/2019.09.07_wycieczka_przedszkole_lubnica-495x1024.jpg\" alt=\"\" data-id=\"3144\" data-link=\"https:\/\/spnwu.pl\/?attachment_id=3144\" class=\"wp-image-3144\" srcset=\"https:\/\/spnwu.pl\/wp-content\/uploads\/2019\/06\/2019.09.07_wycieczka_przedszkole_lubnica.jpg 495w, https:\/\/spnwu.pl\/wp-content\/uploads\/2019\/06\/2019.09.07_wycieczka_przedszkole_lubnica-145x300.jpg 145w, https:\/\/spnwu.pl\/wp-content\/uploads\/2019\/06\/2019.09.07_wycieczka_przedszkole_lubnica-97x200.jpg 97w\" sizes=\"auto, (max-width: 495px) 100vw, 495px\" \/><\/a><\/figure><\/li><li class=\"blocks-gallery-item\"><figure><a href=\"https:\/\/spnwu.pl\/wp-content\/uploads\/2019\/06\/2019.09.07_wycieczka_przedszkole_lubnica_02-495x1024.jpg\"><img loading=\"lazy\" decoding=\"async\" width=\"495\" height=\"1024\" src=\"https:\/\/spnwu.pl\/wp-content\/uploads\/2019\/06\/2019.09.07_wycieczka_przedszkole_lubnica_02-495x1024.jpg\" alt=\"\" data-id=\"3145\" data-link=\"https:\/\/spnwu.pl\/?attachment_id=3145\" class=\"wp-image-3145\" srcset=\"https:\/\/spnwu.pl\/wp-content\/uploads\/2019\/06\/2019.09.07_wycieczka_przedszkole_lubnica_02.jpg 495w, https:\/\/spnwu.pl\/wp-content\/uploads\/2019\/06\/2019.09.07_wycieczka_przedszkole_lubnica_02-145x300.jpg 145w, https:\/\/spnwu.pl\/wp-content\/uploads\/2019\/06\/2019.09.07_wycieczka_przedszkole_lubnica_02-97x200.jpg 97w\" sizes=\"auto, (max-width: 495px) 100vw, 495px\" \/><\/a><\/figure><\/li><li class=\"blocks-gallery-item\"><figure><a href=\"https:\/\/spnwu.pl\/wp-content\/uploads\/2019\/06\/2019.09.07_wycieczka_przedszkole_lubnica_03-1024x498.jpg\"><img loading=\"lazy\" decoding=\"async\" width=\"1024\" height=\"498\" src=\"https:\/\/spnwu.pl\/wp-content\/uploads\/2019\/06\/2019.09.07_wycieczka_przedszkole_lubnica_03-1024x498.jpg\" alt=\"\" data-id=\"3146\" data-link=\"https:\/\/spnwu.pl\/?attachment_id=3146\" class=\"wp-image-3146\" srcset=\"https:\/\/spnwu.pl\/wp-content\/uploads\/2019\/06\/2019.09.07_wycieczka_przedszkole_lubnica_03.jpg 1024w, https:\/\/spnwu.pl\/wp-content\/uploads\/2019\/06\/2019.09.07_wycieczka_przedszkole_lubnica_03-300x146.jpg 300w, https:\/\/spnwu.pl\/wp-content\/uploads\/2019\/06\/2019.09.07_wycieczka_przedszkole_lubnica_03-768x374.jpg 768w, https:\/\/spnwu.pl\/wp-content\/uploads\/2019\/06\/2019.09.07_wycieczka_przedszkole_lubnica_03-382x186.jpg 382w\" sizes=\"auto, (max-width: 1024px) 100vw, 1024px\" \/><\/a><\/figure><\/li><li class=\"blocks-gallery-item\"><figure><a href=\"https:\/\/spnwu.pl\/wp-content\/uploads\/2019\/06\/2019.09.07_wycieczka_przedszkole_lubnica_04-1024x498.jpg\"><img loading=\"lazy\" decoding=\"async\" width=\"1024\" height=\"498\" src=\"https:\/\/spnwu.pl\/wp-content\/uploads\/2019\/06\/2019.09.07_wycieczka_przedszkole_lubnica_04-1024x498.jpg\" alt=\"\" data-id=\"3147\" data-link=\"https:\/\/spnwu.pl\/?attachment_id=3147\" class=\"wp-image-3147\" srcset=\"https:\/\/spnwu.pl\/wp-content\/uploads\/2019\/06\/2019.09.07_wycieczka_przedszkole_lubnica_04.jpg 1024w, https:\/\/spnwu.pl\/wp-content\/uploads\/2019\/06\/2019.09.07_wycieczka_przedszkole_lubnica_04-300x146.jpg 300w, https:\/\/spnwu.pl\/wp-content\/uploads\/2019\/06\/2019.09.07_wycieczka_przedszkole_lubnica_04-768x374.jpg 768w, https:\/\/spnwu.pl\/wp-content\/uploads\/2019\/06\/2019.09.07_wycieczka_przedszkole_lubnica_04-382x186.jpg 382w\" sizes=\"auto, (max-width: 1024px) 100vw, 1024px\" \/><\/a><\/figure><\/li><li class=\"blocks-gallery-item\"><figure><a href=\"https:\/\/spnwu.pl\/wp-content\/uploads\/2019\/06\/2019.09.07_wycieczka_przedszkole_lubnica_05-495x1024.jpg\"><img loading=\"lazy\" decoding=\"async\" width=\"495\" height=\"1024\" src=\"https:\/\/spnwu.pl\/wp-content\/uploads\/2019\/06\/2019.09.07_wycieczka_przedszkole_lubnica_05-495x1024.jpg\" alt=\"\" data-id=\"3148\" data-link=\"https:\/\/spnwu.pl\/?attachment_id=3148\" class=\"wp-image-3148\" srcset=\"https:\/\/spnwu.pl\/wp-content\/uploads\/2019\/06\/2019.09.07_wycieczka_przedszkole_lubnica_05.jpg 495w, https:\/\/spnwu.pl\/wp-content\/uploads\/2019\/06\/2019.09.07_wycieczka_przedszkole_lubnica_05-145x300.jpg 145w, https:\/\/spnwu.pl\/wp-content\/uploads\/2019\/06\/2019.09.07_wycieczka_przedszkole_lubnica_05-97x200.jpg 97w\" sizes=\"auto, (max-width: 495px) 100vw, 495px\" \/><\/a><\/figure><\/li><li class=\"blocks-gallery-item\"><figure><a href=\"https:\/\/spnwu.pl\/wp-content\/uploads\/2019\/06\/2019.09.07_wycieczka_przedszkole_lubnica_06-1024x498.jpg\"><img loading=\"lazy\" decoding=\"async\" width=\"1024\" height=\"498\" src=\"https:\/\/spnwu.pl\/wp-content\/uploads\/2019\/06\/2019.09.07_wycieczka_przedszkole_lubnica_06-1024x498.jpg\" alt=\"\" data-id=\"3149\" data-link=\"https:\/\/spnwu.pl\/?attachment_id=3149\" class=\"wp-image-3149\" srcset=\"https:\/\/spnwu.pl\/wp-content\/uploads\/2019\/06\/2019.09.07_wycieczka_przedszkole_lubnica_06.jpg 1024w, https:\/\/spnwu.pl\/wp-content\/uploads\/2019\/06\/2019.09.07_wycieczka_przedszkole_lubnica_06-300x146.jpg 300w, https:\/\/spnwu.pl\/wp-content\/uploads\/2019\/06\/2019.09.07_wycieczka_przedszkole_lubnica_06-768x374.jpg 768w, https:\/\/spnwu.pl\/wp-content\/uploads\/2019\/06\/2019.09.07_wycieczka_przedszkole_lubnica_06-382x186.jpg 382w\" sizes=\"auto, (max-width: 1024px) 100vw, 1024px\" \/><\/a><\/figure><\/li><li class=\"blocks-gallery-item\"><figure><a href=\"https:\/\/spnwu.pl\/wp-content\/uploads\/2019\/06\/2019.09.07_wycieczka_przedszkole_lubnica_07-495x1024.jpg\"><img loading=\"lazy\" decoding=\"async\" width=\"495\" height=\"1024\" src=\"https:\/\/spnwu.pl\/wp-content\/uploads\/2019\/06\/2019.09.07_wycieczka_przedszkole_lubnica_07-495x1024.jpg\" alt=\"\" data-id=\"3150\" data-link=\"https:\/\/spnwu.pl\/?attachment_id=3150\" class=\"wp-image-3150\" srcset=\"https:\/\/spnwu.pl\/wp-content\/uploads\/2019\/06\/2019.09.07_wycieczka_przedszkole_lubnica_07.jpg 495w, https:\/\/spnwu.pl\/wp-content\/uploads\/2019\/06\/2019.09.07_wycieczka_przedszkole_lubnica_07-145x300.jpg 145w, https:\/\/spnwu.pl\/wp-content\/uploads\/2019\/06\/2019.09.07_wycieczka_przedszkole_lubnica_07-97x200.jpg 97w\" sizes=\"auto, (max-width: 495px) 100vw, 495px\" \/><\/a><\/figure><\/li><li class=\"blocks-gallery-item\"><figure><a href=\"https:\/\/spnwu.pl\/wp-content\/uploads\/2019\/06\/2019.09.07_wycieczka_przedszkole_lubnica_08-1024x498.jpg\"><img loading=\"lazy\" decoding=\"async\" width=\"1024\" height=\"498\" src=\"https:\/\/spnwu.pl\/wp-content\/uploads\/2019\/06\/2019.09.07_wycieczka_przedszkole_lubnica_08-1024x498.jpg\" alt=\"\" data-id=\"3151\" data-link=\"https:\/\/spnwu.pl\/?attachment_id=3151\" class=\"wp-image-3151\" srcset=\"https:\/\/spnwu.pl\/wp-content\/uploads\/2019\/06\/2019.09.07_wycieczka_przedszkole_lubnica_08.jpg 1024w, https:\/\/spnwu.pl\/wp-content\/uploads\/2019\/06\/2019.09.07_wycieczka_przedszkole_lubnica_08-300x146.jpg 300w, https:\/\/spnwu.pl\/wp-content\/uploads\/2019\/06\/2019.09.07_wycieczka_przedszkole_lubnica_08-768x374.jpg 768w, https:\/\/spnwu.pl\/wp-content\/uploads\/2019\/06\/2019.09.07_wycieczka_przedszkole_lubnica_08-382x186.jpg 382w\" sizes=\"auto, (max-width: 1024px) 100vw, 1024px\" \/><\/a><\/figure><\/li><li class=\"blocks-gallery-item\"><figure><a href=\"https:\/\/spnwu.pl\/wp-content\/uploads\/2019\/06\/2019.09.07_wycieczka_przedszkole_lubnica_09-1024x498.jpg\"><img loading=\"lazy\" decoding=\"async\" width=\"1024\" height=\"498\" src=\"https:\/\/spnwu.pl\/wp-content\/uploads\/2019\/06\/2019.09.07_wycieczka_przedszkole_lubnica_09-1024x498.jpg\" alt=\"\" data-id=\"3152\" data-link=\"https:\/\/spnwu.pl\/?attachment_id=3152\" class=\"wp-image-3152\" srcset=\"https:\/\/spnwu.pl\/wp-content\/uploads\/2019\/06\/2019.09.07_wycieczka_przedszkole_lubnica_09.jpg 1024w, https:\/\/spnwu.pl\/wp-content\/uploads\/2019\/06\/2019.09.07_wycieczka_przedszkole_lubnica_09-300x146.jpg 300w, https:\/\/spnwu.pl\/wp-content\/uploads\/2019\/06\/2019.09.07_wycieczka_przedszkole_lubnica_09-768x374.jpg 768w, https:\/\/spnwu.pl\/wp-content\/uploads\/2019\/06\/2019.09.07_wycieczka_przedszkole_lubnica_09-382x186.jpg 382w\" sizes=\"auto, (max-width: 1024px) 100vw, 1024px\" \/><\/a><\/figure><\/li><li class=\"blocks-gallery-item\"><figure><a href=\"https:\/\/spnwu.pl\/wp-content\/uploads\/2019\/06\/2019.09.07_wycieczka_przedszkole_lubnica_10-1024x498.jpg\"><img loading=\"lazy\" decoding=\"async\" width=\"1024\" height=\"498\" src=\"https:\/\/spnwu.pl\/wp-content\/uploads\/2019\/06\/2019.09.07_wycieczka_przedszkole_lubnica_10-1024x498.jpg\" alt=\"\" data-id=\"3153\" data-link=\"https:\/\/spnwu.pl\/?attachment_id=3153\" class=\"wp-image-3153\" srcset=\"https:\/\/spnwu.pl\/wp-content\/uploads\/2019\/06\/2019.09.07_wycieczka_przedszkole_lubnica_10.jpg 1024w, https:\/\/spnwu.pl\/wp-content\/uploads\/2019\/06\/2019.09.07_wycieczka_przedszkole_lubnica_10-300x146.jpg 300w, https:\/\/spnwu.pl\/wp-content\/uploads\/2019\/06\/2019.09.07_wycieczka_przedszkole_lubnica_10-768x374.jpg 768w, https:\/\/spnwu.pl\/wp-content\/uploads\/2019\/06\/2019.09.07_wycieczka_przedszkole_lubnica_10-382x186.jpg 382w\" sizes=\"auto, (max-width: 1024px) 100vw, 1024px\" \/><\/a><\/figure><\/li><\/ul>\n","protected":false},"excerpt":{"rendered":"<p>7 czerwca przedszkolaki z oddzia\u0142\u00f3w w Miros\u0142awiu i Nowej Wsi Ujskiej wyjecha\u0142y na wycieczk\u0119 do parku owad\u00f3w w Lubnicy. Zapraszamy na kr\u00f3tk\u0105 foto &#8211; relacj\u0119.<\/p>\n","protected":false},"author":1,"featured_media":3151,"comment_status":"closed","ping_status":"closed","sticky":false,"template":"","format":"standard","meta":{"_themeisle_gutenberg_block_has_review":false,"footnotes":""},"categories":[28],"tags":[],"class_list":["post-3143","post","type-post","status-publish","format-standard","has-post-thumbnail","hentry","category-kronika-2018-2019"],"_links":{"self":[{"href":"https:\/\/spnwu.pl\/index.php\/wp-json\/wp\/v2\/posts\/3143","targetHints":{"allow":["GET"]}}],"collection":[{"href":"https:\/\/spnwu.pl\/index.php\/wp-json\/wp\/v2\/posts"}],"about":[{"href":"https:\/\/spnwu.pl\/index.php\/wp-json\/wp\/v2\/types\/post"}],"author":[{"embeddable":true,"href":"https:\/\/spnwu.pl\/index.php\/wp-json\/wp\/v2\/users\/1"}],"replies":[{"embeddable":true,"href":"https:\/\/spnwu.pl\/index.php\/wp-json\/wp\/v2\/comments?post=3143"}],"version-history":[{"count":1,"href":"https:\/\/spnwu.pl\/index.php\/wp-json\/wp\/v2\/posts\/3143\/revisions"}],"predecessor-version":[{"id":3154,"href":"https:\/\/spnwu.pl\/index.php\/wp-json\/wp\/v2\/posts\/3143\/revisions\/3154"}],"wp:featuredmedia":[{"embeddable":true,"href":"https:\/\/spnwu.pl\/index.php\/wp-json\/wp\/v2\/media\/3151"}],"wp:attachment":[{"href":"https:\/\/spnwu.pl\/index.php\/wp-json\/wp\/v2\/media?parent=3143"}],"wp:term":[{"taxonomy":"category","embeddable":true,"href":"https:\/\/spnwu.pl\/index.php\/wp-json\/wp\/v2\/categories?post=3143"},{"taxonomy":"post_tag","embeddable":true,"href":"https:\/\/spnwu.pl\/index.php\/wp-json\/wp\/v2\/tags?post=3143"}],"curies":[{"name":"wp","href":"https:\/\/api.w.org\/{rel}","templated":true}]}}