{"id":1898,"date":"2018-10-08T10:28:56","date_gmt":"2018-10-08T10:28:56","guid":{"rendered":"http:\/\/spnwu.pl\/?p=1898"},"modified":"2019-03-11T07:54:53","modified_gmt":"2019-03-11T07:54:53","slug":"pomoz-stworzyc-kolaz-flage","status":"publish","type":"post","link":"https:\/\/spnwu.pl\/index.php\/2018\/10\/08\/pomoz-stworzyc-kolaz-flage\/kronika\/kronika-2018-2019\/","title":{"rendered":"Pom\u00f3\u017c stworzy\u0107 kola\u017c &#8211; flag\u0119!"},"content":{"rendered":"<p><span style=\"font-size: 12pt;\"><span style=\"font-family: Ubuntu;\">Nasza szko\u0142a zaanga\u017cowa\u0142a si\u0119 w og\u00f3lnopolski projekt: <b>\u201eSzko\u0142a m\u0142odych patriot\u00f3w\u201d.&nbsp;<\/b><\/span><span style=\"font-family: Ubuntu;\">Jednym z element\u00f3w, jaki sobie za\u0142o\u017cyli\u015bmy, jest wykonanie flagi narodowej w formie kola\u017cu ze zdj\u0119\u0107, kt\u00f3re prze\u015bl\u0105 rodzice i dzieci, a tak\u017ce, kt\u00f3re wykonane zostan\u0105 w szkole. Zdj\u0119cia musz\u0105 by\u0107 wykonane w strojach czerwonych lub bia\u0142ych, mo\u017cna przes\u0142a\u0107 kilka zdj\u0119cia (wa\u017cne, aby dane zdj\u0119cie by\u0142o wykonane w tonacji bia\u0142ej lub czerwonej). Na zdj\u0119ciach mog\u0105 by\u0107 cz\u0142onkowie rodziny, przyjaciele itp.<br \/>\n<\/span><span style=\"font-family: Ubuntu;\">\u017badne ze zdj\u0119\u0107 nie b\u0119dzie eksponowane jako osobny element, b\u0119dzie jedynie wykorzystane jednorazowo do stworzenia kola\u017cu i nie b\u0119dzie dalej przekazywane.<br \/>\n<\/span><span style=\"font-family: Ubuntu;\">Zwracamy si\u0119 z pro\u015bb\u0105 o nadsy\u0142anie zdj\u0119\u0107 na adres <\/span> <span style=\"font-size: 14pt;\"><a href=\"mailto:foto@spnwu.pl\"><span style=\"font-family: Ubuntu;\"><b>foto@spnwu.pl<\/b><\/span><\/a><\/span><\/span><\/p>\n<p><span style=\"font-size: 12pt;\"><span style=\"font-family: Ubuntu;\">Z <\/span><span style=\"font-family: Ubuntu;\">g\u00f3ry dzi\u0119kujemy za udzia\u0142 Pa\u0144stwa w projekcie!<\/span><\/span><\/p>\n","protected":false},"excerpt":{"rendered":"<p>Nasza szko\u0142a zaanga\u017cowa\u0142a si\u0119 w og\u00f3lnopolski projekt: \u201eSzko\u0142a m\u0142odych patriot\u00f3w\u201d.&nbsp;Jednym z element\u00f3w, jaki sobie za\u0142o\u017cyli\u015bmy, jest wykonanie flagi narodowej w formie kola\u017cu ze zdj\u0119\u0107, kt\u00f3re prze\u015bl\u0105 rodzice i dzieci, a &hellip;<\/p>\n","protected":false},"author":1,"featured_media":1901,"comment_status":"closed","ping_status":"closed","sticky":false,"template":"","format":"standard","meta":{"_themeisle_gutenberg_block_has_review":false,"footnotes":""},"categories":[28],"tags":[],"class_list":["post-1898","post","type-post","status-publish","format-standard","has-post-thumbnail","hentry","category-kronika-2018-2019"],"_links":{"self":[{"href":"https:\/\/spnwu.pl\/index.php\/wp-json\/wp\/v2\/posts\/1898","targetHints":{"allow":["GET"]}}],"collection":[{"href":"https:\/\/spnwu.pl\/index.php\/wp-json\/wp\/v2\/posts"}],"about":[{"href":"https:\/\/spnwu.pl\/index.php\/wp-json\/wp\/v2\/types\/post"}],"author":[{"embeddable":true,"href":"https:\/\/spnwu.pl\/index.php\/wp-json\/wp\/v2\/users\/1"}],"replies":[{"embeddable":true,"href":"https:\/\/spnwu.pl\/index.php\/wp-json\/wp\/v2\/comments?post=1898"}],"version-history":[{"count":4,"href":"https:\/\/spnwu.pl\/index.php\/wp-json\/wp\/v2\/posts\/1898\/revisions"}],"predecessor-version":[{"id":2588,"href":"https:\/\/spnwu.pl\/index.php\/wp-json\/wp\/v2\/posts\/1898\/revisions\/2588"}],"wp:featuredmedia":[{"embeddable":true,"href":"https:\/\/spnwu.pl\/index.php\/wp-json\/wp\/v2\/media\/1901"}],"wp:attachment":[{"href":"https:\/\/spnwu.pl\/index.php\/wp-json\/wp\/v2\/media?parent=1898"}],"wp:term":[{"taxonomy":"category","embeddable":true,"href":"https:\/\/spnwu.pl\/index.php\/wp-json\/wp\/v2\/categories?post=1898"},{"taxonomy":"post_tag","embeddable":true,"href":"https:\/\/spnwu.pl\/index.php\/wp-json\/wp\/v2\/tags?post=1898"}],"curies":[{"name":"wp","href":"https:\/\/api.w.org\/{rel}","templated":true}]}}