{"id":11621,"date":"2025-07-02T10:28:16","date_gmt":"2025-07-02T09:28:16","guid":{"rendered":"https:\/\/spnwu.pl\/?p=11621"},"modified":"2025-09-02T13:00:13","modified_gmt":"2025-09-02T12:00:13","slug":"wiesci-ze-szkoly-podstawowej-w-nowej-wsi-ujskiej-iii-vi-2025","status":"publish","type":"post","link":"https:\/\/spnwu.pl\/index.php\/2025\/07\/02\/wiesci-ze-szkoly-podstawowej-w-nowej-wsi-ujskiej-iii-vi-2025\/kronika\/kronika-2024-2024\/","title":{"rendered":"WIE\u015aCI ZE SZKO\u0141Y PODSTAWOWEJ W NOWEJ WSI UJSKIEJ III-VI 2025"},"content":{"rendered":"\n\n\n<ul>\n<li>\n<p><span style=\"color: #000000;\"><span style=\"font-family: Times New Roman, serif;\"><span style=\"font-size: medium;\"><i><b>\u015awiatowy Dzie\u0144 Ksi\u0105\u017cki i Praw Autorskich<\/b><\/i><\/span><\/span><\/span><\/p>\n<\/li>\n<\/ul>\n<p><span style=\"color: #000000;\"><span style=\"font-family: Times New Roman, serif;\"><span style=\"font-size: medium;\">To dzie\u0144 promocji czytelnictwa i tak te\u017c by\u0142o w naszej szkole. Najlepszym prezentem dla ksi\u0105\u017cki &#8211; w dniu jej \u015bwi\u0119ta- by\u0142o si\u0119gni\u0119cie po ni\u0105. A &#8222;Kto czyta, \u017cyje podw\u00f3jnie&#8221; ( Umberto Eco ).<\/span><\/span><\/span><\/p>\n<ul>\n<li>\n<p><span style=\"font-family: 'Times New Roman', serif; color: #000000;\"><span style=\"font-size: medium;\"><i><b>Koronacja Boles\u0142awa Chrobrego<\/b><\/i><\/span><\/span><\/p>\n<\/li>\n<\/ul>\n<p align=\"justify\"><span style=\"color: #000000;\"><span style=\"font-family: Times New Roman, serif;\"><span style=\"font-size: medium;\">Nasi uczniowie <\/span><\/span><span style=\"font-family: Times New Roman, serif;\"><span style=\"font-size: medium;\">wspaniale przedstawili to wa\u017cne dla Polski wydarzenie. Odegranie r\u00f3l i wsp\u00f3\u0142tworzenie scenariusza da\u0142o naszym aktorom du\u017co rado\u015bci i satysfakcji. Historia naprawd\u0119 jest ciekawa i warto j\u0105 poznawa\u0107 i zrozumie\u0107. Nasz wyst\u0119p by\u0142 chwilami powa\u017cny, dostojny, ale te\u017c zabawny, bo to pow\u00f3d do dumy i rado\u015bci &#8211; 1000 &#8211; lecie Kr\u00f3lestwa!<\/span><\/span><\/span><\/p>\n<ul>\n<li>\n<p><span style=\"font-family: 'Times New Roman', serif; color: #000000;\"><span style=\"font-size: medium;\"><i><b>\u015awiatowy Dzie\u0144 Ziemi<\/b><\/i><\/span><\/span><\/p>\n<\/li>\n<\/ul>\n<p align=\"justify\"><span style=\"color: #000000;\"><span style=\"font-family: Times New Roman, serif;\"><span style=\"font-size: medium;\">Ten dzie\u0144 przypomina nam, \u017ce ka\u017cda decyzja &#8211; od codziennego oszcz\u0119dzania energii, segregacji odpad\u00f3w, po wyb\u00f3r odnawialnych \u017ar\u00f3de\u0142 energii &#8211; ma realny wp\u0142yw na przysz\u0142o\u015b\u0107 naszej planety. W klasach 7, 8 na lekcjach geografii uczniowie ogl\u0105dali prezentacj\u0119 o odnawialnych \u017ar\u00f3d\u0142ach energii, wype\u0142nili kart\u0119 pracy oceniaj\u0105c wady i zalety elektrowni s\u0142onecznych, wodnych, wiatrowych i geotermalnych. Na biologii natomiast omawiane by\u0142y zagadnienia dotycz\u0105ce skutk\u00f3w zanieczyszcze\u0144 Naszej Planety. W klasach 5, 6 uczniowie obejrzeli film edukacyjny ,, Dzie\u0144 Ziemi &#8222;. Podczas lekcji biologii poruszona zosta\u0142a tematyka segregacji odpad\u00f3w. <\/span><\/span><\/span><\/p>\n<ul>\n<li>\n<p align=\"justify\"><span style=\"color: #000000;\"><span style=\"font-family: Times New Roman, serif;\"><span style=\"font-size: medium;\"><i><b>Powiatowy Konkurs Poetycki Haiku<\/b><\/i><\/span><\/span><\/span><\/p>\n<\/li>\n<\/ul>\n<p align=\"justify\"><span style=\"font-family: 'Times New Roman', serif; color: #000000;\"><span style=\"font-size: medium;\">Ucze\u0144 klasy 8, Volodymyr Melnyk, zosta\u0142 laureatem V Powiatowego Konkursu Poetyckiego Haiku pod patronem m.in. Prezydenta Miasta Pi\u0142y i Instytutu Orientalistyki UAM. Powt\u00f3rzy\u0142 sw\u00f3j sukces z ubieg\u0142ego roku, tworz\u0105c poezj\u0119 w j\u0119zyku polskim, mimo \u017ce nie jest to jego j\u0119zyk ojczysty. Jego haiku dotyczy\u0142y temat\u00f3w: SFERA, ASTRONAUTA i WZ\u00d3R.<\/span><\/span><\/p>\n<ul>\n<li>\n<p align=\"justify\"><span style=\"color: #000000;\"><span style=\"font-family: Times New Roman, serif;\"><span style=\"font-size: medium;\"><i><b>Og\u00f3lnopolski Turniej Wiedzy Po\u017carniczej<\/b><\/i><\/span><\/span><\/span><\/p>\n<\/li>\n<\/ul>\n<p align=\"justify\"><span style=\"color: #000000;\"><span style=\"font-family: Times New Roman, serif;\"><span style=\"font-size: medium;\">Nikodem F\u0105ferek, Kacper Paw\u0142owski i Micha\u0142 Niemczy\u0144ski reprezentowali Gmin\u0119 Uj\u015bcie w Og\u00f3lnopolskim Turnieju Wiedzy Po\u017carniczej w Pile. Micha\u0142 zaj\u0105\u0142 2, a Kacper 1 miejsce w swojej kategorii wiekowej. Ch\u0142opcy wykazali si\u0119 bardzo du\u017c\u0105 wiedz\u0105 za zakresu po\u017carnictwa i du\u017c\u0105 przewag\u0105 pokonali rywali. <\/span><\/span><\/span><\/p>\n<ul>\n<li>\n<p align=\"justify\"><span style=\"font-family: 'Times New Roman', serif; color: #000000;\"><span style=\"font-size: medium;\"><i><b>\u015awiatowy Dzie\u0144 J\u0119zyka Angielskiego <\/b><\/i><\/span><\/span><\/p>\n<\/li>\n<\/ul>\n<p align=\"justify\"><span style=\"font-family: 'Times New Roman', serif; color: #000000;\"><span style=\"font-size: medium;\">Z Okazji \u015awiatowego Dnia J\u0119zyka Angielskiego uczniowie naszej szko\u0142y wzi\u0119li udzia\u0142 w og\u00f3lnopolskim projekcie \u201eLondon Week\u201d. Klasy 5-8 realizowa\u0142y zadania zwi\u0105zane z Londynem, m.in. tworzy\u0142y makiety, stroje, scenki i drzewa genealogiczne. Obchody zako\u0144czy\u0142y si\u0119 spotkaniem przy herbatce i ciasteczkach. W projekt zaanga\u017cowa\u0142y si\u0119 r\u00f3wnie\u017c przedszkolaki.<\/span><\/span><\/p>\n<ul>\n<li>\n<p align=\"justify\"><span style=\"color: #000000;\"><span style=\"font-family: Times New Roman, serif;\"><span style=\"font-size: medium;\"><i><b>III Konferencja Instytutu Orientalistyki UAM<\/b><\/i><\/span><\/span><\/span><\/p>\n<\/li>\n<\/ul>\n<p align=\"justify\"><span style=\"color: #000000;\"><span style=\"font-family: Times New Roman, serif;\"><span style=\"font-size: medium;\">Podczas III Konferencji Instytutu Orientalistyki UAM Dzieciom &#8211; &#8222;Wok\u00f3\u0142 orientalnego sto\u0142u&#8221;- zosta\u0142y wr\u0119czone nagrody V Powiatowego Konkursu Poetyckiego Haiku, w kt\u00f3rym ucze\u0144 kl.8 &#8211; Volodymyr Melnyk &#8211; zaj\u0105\u0142 III miejsce. Po uroczystym rozstrzygni\u0119ciu konkursu nasi uczniowie uczestniczyli w wyk\u0142adach i warsztatach Instytutu Orientalistyki. Poznawali\u015bmy etykiet\u0119 japo\u0144skiego sto\u0142u, czyli jakich b\u0142\u0119d\u00f3w nigdy nie pope\u0142nia\u0107 w japo\u0144skich restauracjach; uczyli\u015bmy si\u0119 prawid\u0142owego chwytu i u\u017cycia pa\u0142eczek; rozpoznawali\u015bmy zapachy i smaki przypraw indyjskich, jak r\u00f3wnie\u017c zaprezentowano potrawy, kt\u00f3re mog\u0142yby by\u0107 wyzwaniem kulinarnym dla Europejczyka.<\/span><\/span><\/span><\/p>\n<ul>\n<li>\n<p align=\"justify\"><span style=\"color: #000000;\"><span style=\"font-family: Times New Roman, serif;\"><span style=\"font-size: medium;\"><i><b>Lekcja historii i patriotyzmu ,,Bitwa o Polsk\u0119 44\u201d<\/b><\/i><\/span><\/span><\/span><\/p>\n<\/li>\n<\/ul>\n<p align=\"justify\"><span style=\"color: #000000;\"><span style=\"font-family: Times New Roman, serif;\"><span style=\"font-size: medium;\">Uczniowie naszej szko\u0142y uczestniczyli w rekonstrukcji wydarze\u0144 historycznych przygotowanych przez grup\u0119 artystyczn\u0105 \u201eRekonstrukto\u201d. By\u0142a to lekcja historii eksperymentalnej, kt\u00f3ra przybli\u017cy\u0142a m\u0142odzie\u017cy \u017cycie podczas II wojny \u015bwiatowej. Ciekawe opowie\u015bci prowadz\u0105cego wywo\u0142a\u0142y du\u017ce zainteresowanie uczni\u00f3w, kt\u00f3rzy ch\u0119tnie brali udzia\u0142 w odgrywanych scenkach. Podczas zaj\u0119\u0107 mo\u017cna by\u0142o zobaczy\u0107 stroje historyczne, wyposa\u017cenie wojskowe i repliki sprz\u0119tu wojskowego. <\/span><\/span><\/span><\/p>\n<ul>\n<li>\n<p align=\"justify\"><span style=\"font-family: 'Times New Roman', serif; color: #000000;\"><span style=\"font-size: medium;\"><i><b>Egzamin \u00f3smoklasisty<\/b><\/i><\/span><\/span><\/p>\n<\/li>\n<\/ul>\n<p align=\"justify\"><span style=\"color: #000000;\"><span style=\"font-family: Times New Roman, serif;\"><span style=\"font-size: medium;\">To by\u0142y dni pe\u0142ne nie tylko sprawdzianu wiedzy, ale r\u00f3wnie\u017c sprawdzianu radzenia sobie z emocjami, stresem. Drodzy Uczniowie, dali\u015bcie rad\u0119! I cho\u0107 na wyniki trzeba b\u0119dzie poczeka\u0107 do 4 lipca, ju\u017c dzi\u015b mocno trzymamy za Was kciuki! <\/span><\/span><\/span><\/p>\n<ul>\n<li>\n<p align=\"justify\"><span style=\"color: #000000;\"><span style=\"font-family: Times New Roman, serif;\"><span style=\"font-size: medium;\"><i><b>Bezpiecze\u0144stwo w Gospodarstwie Rolnym<\/b><\/i><\/span><\/span><\/span><\/p>\n<\/li>\n<\/ul>\n<p align=\"justify\"><span style=\"color: #000000;\"><span style=\"font-family: Times New Roman, serif;\"><span style=\"font-size: medium;\">Bartosz Grajkowski z kl.8 zosta\u0142 laureatem etapu wojew\u00f3dzkiego VI Og\u00f3lnopolskiego Konkursu dla Dzieci na Rymowank\u0119 o Bezpiecze\u0144stwie w Gospodarstwie Rolnym &#8222;Wioski bez troski&#8221;, zajmuj\u0105c fina\u0142owe III miejsce. Sz\u00f3sta edycja Og\u00f3lnopolskiego Konkursu dla Dzieci s\u0142u\u017cy popularyzowaniu zasad bezpiecznej pracy oraz zalece\u0144 prewencyjnych i profilaktycznych, stanowi\u0105cych merytoryczn\u0105 tre\u015b\u0107 kampanii prewencyjnej \u201eDobrostan Rolnika\u201d, kt\u00f3ra odnosi si\u0119 do zdrowia cz\u0142owieka w aspektach: fizycznym, psychicznym i spo\u0142ecznym.<\/span><\/span><\/span><\/p>\n<ul>\n<li>\n<p align=\"justify\"><span style=\"color: #000000;\">\u201e<span style=\"font-family: Times New Roman, serif;\"><span style=\"font-size: medium;\"><i><b>W\u0119dr\u00f3wka z Janem Paw\u0142em II\u201d<\/b><\/i><\/span><\/span><\/span><\/p>\n<\/li>\n<\/ul>\n<p align=\"justify\"><span style=\"color: #000000;\"><span style=\"font-family: Times New Roman, serif;\"><span style=\"font-size: medium;\">Na zaproszenie Szko\u0142y Podstawowej w Uj\u015bciu po raz kolejny mieli\u015bmy okazj\u0119 &#8222;W\u0119drowa\u0107 z Janem Paw\u0142em II&#8221;. Tym razem zadania dla grup nawi\u0105zywa\u0142y do literatury i do teatru, w kt\u00f3rym wielokrotnie w m\u0142odo\u015bci g\u0142\u00f3wne role odgrywa\u0142 Karol Wojty\u0142a. Odwiedzili\u015bmy Bibliotek\u0119 Publiczn\u0105 w Uj\u015bciu oraz szkoln\u0105, bo w\u0142a\u015bnie tam m.in. znajdowa\u0142y si\u0119 podpowiedzi do zada\u0144. To by\u0142a niezwyk\u0142a w\u0119dr\u00f3wka pe\u0142na wiedzy.<\/span><\/span><\/span><\/p>\n<ul>\n<li>\n<p><span style=\"font-family: 'Times New Roman', serif; color: #000000;\"><span style=\"font-size: medium;\"><i><b>Mistrzostwa Polski P\u0142ywania w P\u0142etwach<\/b><\/i><\/span><\/span><\/p>\n<\/li>\n<\/ul>\n<p align=\"justify\"><span style=\"color: #000000;\"><span style=\"font-family: Times New Roman, serif;\"><span style=\"font-size: medium;\">Cieszymy si\u0119, \u017ce nasi uczniowie rozwijaj\u0105 swoje pasje. W zako\u0144czonych Letnich Mistrzostwach Polski w P\u0142ywaniu w P\u0142etwach, kt\u00f3re odby\u0142y si\u0119 w dniach 25-28 kwietnia 2025 w D\u0119bicy, nasz ucze\u0144 Adam Jankowski zdoby\u0142 dwa br\u0105zowe medale w kat. D \u2013 na 50 m SF i 100 m SF.<\/span><\/span><\/span><\/p>\n<ul>\n<li>\n<p><span style=\"color: #000000;\"><span style=\"font-family: Times New Roman, serif;\"><span style=\"font-size: medium;\"><i><b>Akcja spo\u0142eczno \u2013 edukacyjna \u201e\u017bonkile\u201d<\/b><\/i><\/span><\/span><\/span><\/p>\n<\/li>\n<\/ul>\n<p align=\"justify\"><span style=\"color: #000000;\"><span style=\"font-family: Times New Roman, serif;\"><span style=\"font-size: medium;\">Kolejny rok w\u0142\u0105czyli\u015bmy si\u0119 do akcji upami\u0119tniaj\u0105cej wybuch powstania w getcie warszawskim, kt\u00f3re mia\u0142o miejsce 19 kwietnia 1943 roku. Symbolem pami\u0119ci jest \u017conkil \u2013 kwiat, kt\u00f3ry wed\u0142ug relacji \u015bwiadk\u00f3w Marek Edelman, ostatni przyw\u00f3dca powstania, sk\u0142ada\u0142 co roku pod pomnikiem Bohater\u00f3w Getta. <\/span><\/span><\/span><\/p>\n<ul>\n<li>\n<p><span style=\"color: #000000;\"><span style=\"font-family: Times New Roman, serif;\"><span style=\"font-size: medium;\"><i><b>\u015awiatowy Dzie\u0144 Pszczo\u0142y<\/b><\/i><\/span><\/span><\/span><\/p>\n<\/li>\n<\/ul>\n<p align=\"justify\"><span style=\"color: #000000;\"><span style=\"font-family: Times New Roman, serif;\"><span style=\"font-size: medium;\">W naszym przedszkolu 20 maja obchodzili\u015bmy \u015awiatowy Dzie\u0144 Pszczo\u0142y. Tego dnia dzieci mia\u0142y okazj\u0119 pozna\u0107 niezwyk\u0142y \u015bwiat tych ma\u0142ych, pracowitych stworze\u0144, kt\u00f3re odgrywaj\u0105 kluczow\u0105 rol\u0119 w przyrodzie. Przedszkolaki bra\u0142y udzia\u0142 w r\u00f3\u017cnych grach i zabawach tematycznych, kt\u00f3re mia\u0142y na celu przybli\u017cenie im \u017cycia pszcz\u00f3\u0142. <\/span><\/span><\/span><\/p>\n<ul>\n<li>\n<p align=\"justify\"><span style=\"color: #000000;\"><span style=\"font-family: Times New Roman, serif;\"><span style=\"font-size: medium;\"><i><b>Przedstawienie &#8221; Wiosna &#8211; pora radosna&#8221;<\/b><\/i><\/span><\/span><\/span><\/p>\n<\/li>\n<\/ul>\n<p align=\"justify\"><span style=\"color: #000000;\"><span style=\"font-family: Times New Roman, serif;\"><span style=\"font-size: medium;\">Uczniowie klasy I przygotowali przedstawienie \u201eWiosna &#8211; pora radosna&#8221;. Starannie przygotowali role i ciekawe stroje &#8211; biedronki, wiewi\u00f3rki, pszcz\u00f3\u0142ki, je\u017ca, kwiatka, deszczu, wiatru, motyla, s\u0142oneczka no i pani wiosny. Z du\u017cym zaanga\u017cowaniem czarowali, by ju\u017c wiosna by\u0142a z nami &#8211; ciep\u0142a, kolorowa, pe\u0142na \u015bpiewu ptak\u00f3w, s\u0142o\u0144ca i szumu wiatru. Nie zabrak\u0142o te\u017c radosnych piosenek, ta\u0144ca motyli i gry na tr\u00f3jk\u0105cie ma\u0142ego bohatera w przebraniu kotka. Widzom udzieli\u0142 si\u0119 wiosenny nastr\u00f3j. <\/span><\/span><\/span><\/p>\n<ul>\n<li>\n<p align=\"justify\"><span style=\"color: #000000;\"><span style=\"font-family: Times New Roman, serif;\"><span style=\"font-size: medium;\"><i><b>&#8222;M\u0142odzie\u017c zapobiega po\u017carom&#8221;<\/b><\/i><\/span><\/span><\/span><\/p>\n<\/li>\n<\/ul>\n<p align=\"justify\"><span style=\"color: #000000;\"><span style=\"font-family: Times New Roman, serif;\"><span style=\"font-size: medium;\">W Wolsztynie odby\u0142y si\u0119 eliminacje wojew\u00f3dzkie OTWP &#8222;M\u0142odzie\u017c zapobiega po\u017carom&#8221;. W grupie I (kl.1-4), powiat pilski reprezentowa\u0142 ucze\u0144 naszej szko\u0142y Kacper Paw\u0142owski. Rywalizacja by\u0142a bardzo zaci\u0119ta, ostatecznie Kacper zaj\u0105\u0142 7 miejsce (na 32 osoby), a do zakwalifikowania si\u0119 do \u015bcis\u0142ego fina\u0142u zabrak\u0142o niewiele, bo 1 pkt. Kacprowi serdecznie gratulujemy i \u017cyczymy mu dalszych sukces\u00f3w w przysz\u0142ych latach.<\/span><\/span><\/span><\/p>\n<ul>\n<li>\n<p align=\"justify\"><span style=\"font-family: 'Times New Roman', serif; color: #000000;\"><span style=\"font-size: medium;\"><i><b>Piknik rodzinny z okazji Dnia Dziecka<\/b><\/i><\/span><\/span><\/p>\n<\/li>\n<\/ul>\n<p align=\"justify\"><span style=\"font-family: 'Times New Roman', serif; color: #000000;\"><span style=\"font-size: medium;\">Z okazji Dnia Dziecka nasza szko\u0142a wsp\u00f3lnie ze so\u0142ectwem w Miros\u0142awiu, przy ogromnym wsparciu rodzic\u00f3w i nauczycieli, zorganizowa\u0142a weso\u0142y festyn na \u015bwie\u017cym powietrzu. By\u0142y dmuchane zamki, stoiska gastronomiczne, gry, zabawy, a tak\u017ce stoisko z warkoczykami. Dzieci z rado\u015bci\u0105 korzysta\u0142y z atrakcji, a o bezpiecze\u0144stwo uczestnik\u00f3w zadba\u0142a OSP Nowa Wie\u015b Ujska \u2013 serdecznie dzi\u0119kujemy za obecno\u015b\u0107 i czuwanie nad spokojnym przebiegiem wydarzenia.<\/span><\/span><\/p>\n<ul>\n<li>\n<p align=\"justify\"><span style=\"color: #000000;\"><span style=\"font-family: Times New Roman, serif;\"><span style=\"font-size: medium;\"><i><b>Og\u00f3lnopolski Konkurs Literacki \u201eZawierszowani\u201d<\/b><\/i><\/span><\/span><\/span><\/p>\n<\/li>\n<\/ul>\n<p align=\"justify\"><span style=\"color: #000000;\"><span style=\"font-family: Times New Roman, serif;\"><span style=\"font-size: medium;\">Nasza uczennica z kl.8, Nadia Pa\u0144czak, wzi\u0119\u0142a udzia\u0142 w VI edycji Og\u00f3lnopolskiego Konkursu Literackiego \u201eZawierszowani\u201d zorganizowanego przez Niepubliczn\u0105 Szko\u0142\u0119 Podstawow\u0105 im. Andrzeja Grubby w Przytocku. Tegoroczna edycja zosta\u0142a po\u015bwi\u0119cona tw\u00f3rczo\u015bci poetki Julii Hartwig. Nadia podj\u0119\u0142a si\u0119 pr\u00f3by interpretacji wiersza pt. &#8222;Nawet muzyka&#8221;, a jej praca zosta\u0142a zamieszczona, wraz z komentarzem p.Grzegorza Sierockiego, na stronie konkursowej szko\u0142y. <\/span><\/span><\/span><\/p>\n<ul>\n<li>\n<p align=\"justify\"><span style=\"font-family: 'Times New Roman', serif; color: #000000;\"><span style=\"font-size: medium;\"><i><b>Spektakl \u201eWilk i Zaj\u0105c \u2013 Nowa Przygoda\u201d<\/b><\/i><\/span><\/span><\/p>\n<\/li>\n<\/ul>\n<p align=\"justify\"><span style=\"color: #000000;\"><span style=\"font-family: Times New Roman, serif;\"><span style=\"font-size: medium;\">Uczniowie klas 1-3 oraz dzieci z oddzia\u0142u przedszkolnego mia\u0142y okazj\u0119 obejrze\u0107 kultow\u0105 bajk\u0119 w nieco innym wydaniu. Przedstawienie w zabawny i pouczaj\u0105cy spos\u00f3b pokaza\u0142o, jak wa\u017cna jest zgoda, wsp\u00f3\u0142praca i wzajemne zrozumienie. Kolorowa scenografia, \u017cywio\u0142owa gra aktorska oczarowa\u0142a m\u0142odych widz\u00f3w. Bardzo dzi\u0119kujemy za mo\u017cliwo\u015b\u0107 obejrzenia i czekamy na kolejne spektakle.<\/span><\/span><\/span><\/p>\n<ul>\n<li>\n<p align=\"justify\"><span style=\"color: #000000;\"><span style=\"font-family: Times New Roman, serif;\"><span style=\"font-size: medium;\"><i><b>Gminny Konkurs Recytacji Prozy &#8222;Literacko Zakr\u0119ceni&#8221;<\/b><\/i><\/span><\/span><\/span><\/p>\n<\/li>\n<\/ul>\n<p align=\"justify\"><span style=\"color: #000000;\"><span style=\"font-family: Times New Roman, serif;\"><span style=\"font-size: medium;\">Motywem przewodnim VI Gminnego Konkursu Recytacji Prozy &#8222;Literacko Zakr\u0119ceni&#8221; by\u0142a mi\u0142o\u015b\u0107. To w\u0142a\u015bnie mi\u0142o\u015b\u0107 bowiem &#8222;jest najwy\u017csz\u0105 si\u0142\u0105 wszech\u015bwiata i wprawia w ruch gwiazdy&#8221; ( D. Alighieri ). To ona decyduje o naszym \u017cyciu i okre\u015bla je &#8211; st\u0105d wyb\u00f3r tematu recytacji prozy. Uczennica naszej szko\u0142y \u2013 Nadia Pa\u0144czak z kl.8 zaj\u0119\u0142a w nim III msc. !<\/span><\/span><\/span><\/p>\n<ul>\n<li>\n<p align=\"justify\"><span style=\"color: #000000;\"><span style=\"font-family: Times New Roman, serif;\"><span style=\"font-size: medium;\"><i><b>Konkurs Ortograficzny<\/b><\/i><\/span><\/span><\/span><\/p>\n<\/li>\n<\/ul>\n<p align=\"justify\"><span style=\"color: #000000;\"><span style=\"font-family: Times New Roman, serif;\"><span style=\"font-size: medium;\">W naszej szkole odby\u0142 si\u0119 konkurs ortograficzny, podczas kt\u00f3rego uczniowie zmagali si\u0119 z testami sprawdzaj\u0105cymi znajomo\u015b\u0107 zasad pisowni oraz z dyktandem. Uczestnicy wykazali si\u0119 du\u017c\u0105 wiedz\u0105, skupieniem i j\u0119zykow\u0105 czujno\u015bci\u0105. <\/span><\/span><\/span><\/p>\n<ul>\n<li>\n<p align=\"justify\"><span style=\"color: #000000;\"><span style=\"font-family: Times New Roman, serif;\"><span style=\"font-size: medium;\"><i><b>Dzie\u0144 Mamy i Taty<\/b><\/i><\/span><\/span><\/span><\/p>\n<\/li>\n<\/ul>\n<p align=\"justify\"><span style=\"color: #000000;\"><span style=\"font-family: Times New Roman, serif;\"><span style=\"font-size: medium;\">Przedszkole w Miros\u0142awiu \u015bwi\u0119towa\u0142o Dzie\u0144 Mamy i Taty. Tego dnia w naszej sali pojawili si\u0119 rodzice. Dzieci zaprezentowa\u0142y si\u0119 w ta\u0144cu, wierszach i piosenkach. Wzruszone mamy i tatusiowie nagradzali swoje pociechy brawami. Rodzice przygotowali pocz\u0119stunek ,charakter uroczysto\u015bci by\u0142 wyj\u0105tkowy.<\/span><\/span><\/span><\/p>\n<ul>\n<li>\n<p><span style=\"color: #000000;\"><a style=\"color: #000000;\" href=\"https:\/\/www.facebook.com\/photo\/?fbid=1155883349674389&amp;set=pcb.1155884533007604&amp;__cft__%5B0%5D=AZWW5Lq2FkNdY-b42cfYNnn2FY87TJLc6yfE5KLn1G6lcmorkRmgTpi2gNxfgC1gf4WNR9-xfcLnwApRVHt83wW5xy6N2sHIAaXAJOdGbKWBXnukbZM83MkMDcYjmRlkYfvGbikOQXSzbi8_IHF6a_rTQDf-Jr8NXsjcwDfcrcpvQHMGzvelh9P7LxhNQMDlIhMVuqqXFRhnKgQAVcmVWRCE&amp;__tn__=*b0H-R\"><span style=\"font-family: Times New Roman, serif;\"><span style=\"font-size: medium;\"><i><b>Dzie\u0144 Dziecka <\/b><\/i><\/span><\/span><\/a><\/span><\/p>\n<\/li>\n<\/ul>\n<p align=\"justify\"><span style=\"color: #000000;\"><a style=\"color: #000000;\" href=\"https:\/\/www.facebook.com\/photo\/?fbid=1155883349674389&amp;set=pcb.1155884533007604&amp;__cft__%5B0%5D=AZWW5Lq2FkNdY-b42cfYNnn2FY87TJLc6yfE5KLn1G6lcmorkRmgTpi2gNxfgC1gf4WNR9-xfcLnwApRVHt83wW5xy6N2sHIAaXAJOdGbKWBXnukbZM83MkMDcYjmRlkYfvGbikOQXSzbi8_IHF6a_rTQDf-Jr8NXsjcwDfcrcpvQHMGzvelh9P7LxhNQMDlIhMVuqqXFRhnKgQAVcmVWRCE&amp;__tn__=*b0H-R\"><span style=\"font-family: Times New Roman, serif;\"><span style=\"font-size: medium;\">Dzie\u0144 Dziecka to jeden z najbardziej lubianych przez wi\u0119kszo\u015b\u0107 maluch\u00f3w dni w roku. Najwa\u017cniejsz\u0105 misj\u0105 \u015bwi\u0119ta jest zwr\u00f3cenie szczeg\u00f3lnej uwagi na dzieci, ich prawa i potrzeby. W klasach I-IV oraz przedszkolu obchody Dnia Dziecka, odbywa\u0142y si\u0119 bardzo hucznie by\u0142y wspania\u0142e animacje, zabawy, ta\u0144ce oraz prezenty i pyszne hot dogi. U<\/span><\/span><\/a><span style=\"font-family: Times New Roman, serif;\"><span style=\"font-size: medium;\">czniowie klas 4-8 rozpocz\u0119li dzie\u0144 od pogadanki z pedagogiem szkolnym na temat zdrowego stylu \u017cycia, p\u00f3\u017aniej sprawdzili swoj\u0105 wiedz\u0119 w quizie o sporcie. Nie zabrak\u0142o r\u00f3wnie\u017c r\u00f3\u017cnego rodzaju konkurencjach sportowych. Na koniec mi\u0142o sp\u0119dzili\u015bmy czas przy ognisku.<\/span><\/span><\/span><\/p>\n<ul>\n<li>\n<p align=\"justify\"><span style=\"font-family: 'Times New Roman', serif; color: #000000;\"><span style=\"font-size: medium;\"><i><b>Mali Odkrywcy w Wielkiej Brytanii<\/b><\/i><\/span><\/span><\/p>\n<\/li>\n<\/ul>\n<p align=\"justify\"><span style=\"color: #000000;\"><span style=\"font-family: inherit, serif;\"><span style=\"font-size: medium;\">Otrzymali\u015bmy certyfikat za zrealizowanie og\u00f3lnopolskiego projektu edykacyjno-kulturowego &#8222;Mali Odkrywcy Wielkiej Brytanii&#8221;.<\/span><\/span><i><b> <\/b><\/i><span style=\"font-family: inherit, serif;\"><span style=\"font-size: medium;\">Dzi\u0119ki niemu uczniowie przedszkoli i klas 1-3 stali si\u0119 Ma\u0142ymi Odkrywcami Wielkiej Brytanii. Poznali kultur\u0119, j\u0119zyk, tradycje i histori\u0119 \u2013 a to dopiero pocz\u0105tek ich j\u0119zykowej podr\u00f3\u017cy.<\/span><\/span><i><b> <\/b><\/i><span style=\"font-family: inherit, serif;\"><span style=\"font-size: medium;\">Przed naszymi Ma\u0142ymi Odkrywcami ju\u017c wkr\u00f3tce kolejne wyzwania \u2013 odkrywanie innych kraj\u00f3w angloj\u0119zycznych.<\/span><\/span><i><b> <\/b><\/i><\/span><\/p>\n<ul>\n<li>\n<p align=\"justify\"><span style=\"color: #000000;\"><span style=\"font-family: Times New Roman, serif;\"><span style=\"font-size: medium;\"><i><b>Egzamin \u2013 karata rowerowa<\/b><\/i><\/span><\/span><\/span><\/p>\n<\/li>\n<\/ul>\n<p align=\"justify\"><span style=\"color: #000000;\"><span style=\"font-family: Times New Roman, serif;\"><span style=\"font-size: medium;\">Uczniowie klasy 4 naszej szko\u0142y z powodzeniem zdali praktyczn\u0105 cz\u0119\u015b\u0107 egzaminu na kart\u0119 rowerow\u0105. To wa\u017cny krok w ich drodze do samodzielnego i bezpiecznego poruszania si\u0119 po drogach. Egzamin odby\u0142 si\u0119 na specjalnie przygotowanym torze. Dzieci musia\u0142y wykaza\u0107 si\u0119 znajomo\u015bci\u0105 zasad bezpiecze\u0144stwa, umiej\u0119tno\u015bci\u0105 prawid\u0142owego sygnalizowania manewr\u00f3w oraz opanowaniem techniki jazdy na rowerze. <\/span><\/span><\/span><\/p>\n<ul>\n<li>\n<p align=\"justify\"><span style=\"color: #000000;\"><span style=\"font-family: Times New Roman, serif;\"><span style=\"font-size: medium;\"><i><b>Zwiedzamy Biskupin i Gniezno <\/b><\/i><\/span><\/span><\/span><\/p>\n<\/li>\n<\/ul>\n<p align=\"justify\"><span style=\"color: #000000;\"><span style=\"font-family: Times New Roman, serif;\"><span style=\"font-size: medium;\">Uczniowie klasy 1-4 wybrali si\u0119 na wycieczk\u0119 do Gniezna i Biskupina. W Biskupinie poznali, jak wygl\u0105da\u0142o \u017cycie ludzi w dawnych czasach, a w Gnie\u017anie zwiedzili katedr\u0119 i spacerowali po rynku. Wszyscy wr\u00f3cili zadowoleni i pe\u0142ni wra\u017ce\u0144.<\/span><\/span><\/span><\/p>\n<p>\u00a0<\/p>\n<ul>\n<li>\n<p><span style=\"color: #000000;\"><a style=\"color: #000000;\" href=\"https:\/\/www.facebook.com\/photo\/?fbid=1155884376340953&amp;set=pcb.1155884533007604&amp;__cft__%5B0%5D=AZWW5Lq2FkNdY-b42cfYNnn2FY87TJLc6yfE5KLn1G6lcmorkRmgTpi2gNxfgC1gf4WNR9-xfcLnwApRVHt83wW5xy6N2sHIAaXAJOdGbKWBXnukbZM83MkMDcYjmRlkYfvGbikOQXSzbi8_IHF6a_rTQDf-Jr8NXsjcwDfcrcpvQHMGzvelh9P7LxhNQMDlIhMVuqqXFRhnKgQAVcmVWRCE&amp;__tn__=*b2H-R\"><span style=\"font-family: Times New Roman, serif;\"><span style=\"font-size: medium;\"><i><b>Fundacja G\u0119biczyn<\/b><\/i><\/span><\/span><\/a><\/span><\/p>\n<\/li>\n<\/ul>\n<p align=\"justify\"><span style=\"color: #000000;\"><a style=\"color: #000000;\" href=\"https:\/\/www.facebook.com\/photo\/?fbid=1155884376340953&amp;set=pcb.1155884533007604&amp;__cft__%5B0%5D=AZWW5Lq2FkNdY-b42cfYNnn2FY87TJLc6yfE5KLn1G6lcmorkRmgTpi2gNxfgC1gf4WNR9-xfcLnwApRVHt83wW5xy6N2sHIAaXAJOdGbKWBXnukbZM83MkMDcYjmRlkYfvGbikOQXSzbi8_IHF6a_rTQDf-Jr8NXsjcwDfcrcpvQHMGzvelh9P7LxhNQMDlIhMVuqqXFRhnKgQAVcmVWRCE&amp;__tn__=*b2H-R\"><span style=\"font-family: Times New Roman, serif;\"><span style=\"font-size: medium;\">Przedszkolaki z Oddzia\u0142u przedszkolnego w Nowej Wsi Ujskiej i Miros\u0142awia odwiedzi\u0142y Fundacj\u0119 G\u0119biczyn. Dzieci wraz z Paniami animatorkami wybra\u0142y si\u0119 do pobliskiego lasku, gdzie mog\u0142y podziwia\u0107 rze\u017aby. Po drodze wszyscy rado\u015bnie podziwiali pi\u0119kne stado konik\u00f3w polskich, kt\u00f3re skrad\u0142y serca dzieci. Nie zabrak\u0142o tak\u017ce kreatywnych zaj\u0119\u0107 plastycznych. <\/span><\/span><\/a><\/span><\/p>\n<ul>\n<li>\n<p align=\"justify\"><span style=\"color: #000000;\"><a style=\"color: #000000;\" href=\"https:\/\/www.facebook.com\/photo\/?fbid=1155884376340953&amp;set=pcb.1155884533007604&amp;__cft__%5B0%5D=AZWW5Lq2FkNdY-b42cfYNnn2FY87TJLc6yfE5KLn1G6lcmorkRmgTpi2gNxfgC1gf4WNR9-xfcLnwApRVHt83wW5xy6N2sHIAaXAJOdGbKWBXnukbZM83MkMDcYjmRlkYfvGbikOQXSzbi8_IHF6a_rTQDf-Jr8NXsjcwDfcrcpvQHMGzvelh9P7LxhNQMDlIhMVuqqXFRhnKgQAVcmVWRCE&amp;__tn__=*b2H-R\"><span style=\"font-family: Times New Roman, serif;\"><span style=\"font-size: medium;\"><i><b>Dzie\u0144 Pustej Klasy<\/b><\/i><\/span><\/span><\/a><\/span><\/p>\n<\/li>\n<\/ul>\n<p align=\"justify\"><span style=\"color: #000000;\"><a style=\"color: #000000;\" href=\"https:\/\/www.facebook.com\/photo\/?fbid=1155884376340953&amp;set=pcb.1155884533007604&amp;__cft__%5B0%5D=AZWW5Lq2FkNdY-b42cfYNnn2FY87TJLc6yfE5KLn1G6lcmorkRmgTpi2gNxfgC1gf4WNR9-xfcLnwApRVHt83wW5xy6N2sHIAaXAJOdGbKWBXnukbZM83MkMDcYjmRlkYfvGbikOQXSzbi8_IHF6a_rTQDf-Jr8NXsjcwDfcrcpvQHMGzvelh9P7LxhNQMDlIhMVuqqXFRhnKgQAVcmVWRCE&amp;__tn__=*b2H-R\"><span style=\"font-family: Times New Roman, serif;\"><span style=\"font-size: medium;\">W tym roku, czyli w pi\u0105tek 13 czerwca 2025 Dzie\u0144 Pustej Klasy jest obchodzony po raz 10. Celem Dnia Pustej Klasy jest zach\u0119cenie do nauki na \u015bwie\u017cym powietrzu, a zamiast tradycyjnych lekcji, dzieci i nauczyciele organizuj\u0105 r\u00f3\u017cne aktywno\u015bci na \u015bwie\u017cym powietrzu, takie jak: wycieczki, gry terenowe, obserwacje przyrody, czy wsp\u00f3lne spacery. <\/span><\/span><\/a><\/span><\/p>\n<ul>\n<li>\n<p align=\"justify\"><span style=\"color: #000000;\"><a style=\"color: #000000;\" href=\"https:\/\/www.facebook.com\/photo\/?fbid=1155884376340953&amp;set=pcb.1155884533007604&amp;__cft__%5B0%5D=AZWW5Lq2FkNdY-b42cfYNnn2FY87TJLc6yfE5KLn1G6lcmorkRmgTpi2gNxfgC1gf4WNR9-xfcLnwApRVHt83wW5xy6N2sHIAaXAJOdGbKWBXnukbZM83MkMDcYjmRlkYfvGbikOQXSzbi8_IHF6a_rTQDf-Jr8NXsjcwDfcrcpvQHMGzvelh9P7LxhNQMDlIhMVuqqXFRhnKgQAVcmVWRCE&amp;__tn__=*b2H-R\"><span style=\"font-family: Times New Roman, serif;\"><span style=\"font-size: medium;\"><i><b>Wycieczka do Wroc\u0142awia<\/b><\/i><\/span><\/span><\/a><\/span><\/p>\n<\/li>\n<\/ul>\n<p align=\"justify\"><span style=\"color: #000000;\"><a style=\"color: #000000;\" href=\"https:\/\/www.facebook.com\/photo\/?fbid=1155884376340953&amp;set=pcb.1155884533007604&amp;__cft__%5B0%5D=AZWW5Lq2FkNdY-b42cfYNnn2FY87TJLc6yfE5KLn1G6lcmorkRmgTpi2gNxfgC1gf4WNR9-xfcLnwApRVHt83wW5xy6N2sHIAaXAJOdGbKWBXnukbZM83MkMDcYjmRlkYfvGbikOQXSzbi8_IHF6a_rTQDf-Jr8NXsjcwDfcrcpvQHMGzvelh9P7LxhNQMDlIhMVuqqXFRhnKgQAVcmVWRCE&amp;__tn__=*b2H-R\"><span style=\"font-family: Times New Roman, serif;\"><span style=\"font-size: medium;\">Wycieczka dla naszych uczni\u00f3w rozpocz\u0119\u0142a si\u0119 <\/span><\/span><\/a><span style=\"font-family: Times New Roman, serif;\"><span style=\"font-size: medium;\">na stacji Chodzie\u017c G\u0142\u00f3wna. We Wroc\u0142awiu czeka\u0142o mn\u00f3stwo atrakcji. Mimo delikatnego deszczu, uczniowie z zaanga\u017cowaniem wzi\u0119li udzia\u0142 w pierwszej zabawie, jak\u0105 by\u0142a gra miejska na rynku. Zadania przygotowane dla poszczeg\u00f3lnych grup przez Akademi\u0119 Wrocmanii sprawi\u0142y uczestnikom wiele rado\u015bci. Nast\u0119pnego dnia uczniowie mieli okazj\u0119 odwiedzi\u0107 Hydrpolis, Afrykarium oraz Zoo. To by\u0142 niew\u0105tpliwie udany wyjazd dla naszych uczni\u00f3w, kt\u00f3ry na d\u0142ugo zapami\u0119taj\u0105.<\/span><\/span><\/span><\/p>\n<ul>\n<li>\n<p align=\"justify\"><span style=\"font-family: 'Times New Roman', serif; color: #000000;\"><span style=\"font-size: medium;\"><i><b>Wizyta przedszkolak\u00f3w w W\u0119glewie<\/b><\/i><\/span><\/span><\/p>\n<\/li>\n<\/ul>\n<p align=\"justify\"><span style=\"color: #000000;\"><span style=\"font-family: Times New Roman, serif;\"><span style=\"font-size: medium;\">Przedszkolaki z Miros\u0142awia by\u0142y z go\u015bcinn\u0105 wizyt\u0105 w W\u0119glewie u Pa\u0144stwa Marleny i Andrzeja Gucw\u00f3w. Pogoda dopisa\u0142a wi\u0119c dzieci bawi\u0142y si\u0119 wspania\u0142e. W pi\u0119knym ogrodzie maluchy znalaz\u0142y domek. Dziewczynki szybko zorganizowa\u0142y sobie w nim zabaw\u0119. Ch\u0142opcy wykorzystali sprz\u0119t sportowy do pi\u0142ki no\u017cnej i mini-koszyk\u00f3wki. Mamy nadziej\u0119, \u017ce za rok uda nam si\u0119 znowu zorganizowa\u0107 takie spotkanie.<\/span><\/span><\/span><\/p>\n<ul>\n<li>\n<p align=\"justify\"><span style=\"color: #000000;\">\u201e<span style=\"font-family: Times New Roman, serif;\"><span style=\"font-size: medium;\"><i><b>Edukacja z wojskiem\u201d<\/b><\/i><\/span><\/span><\/span><\/p>\n<\/li>\n<\/ul>\n<p align=\"justify\"><span style=\"color: #000000;\"><span style=\"font-family: Times New Roman, serif;\"><span style=\"font-size: medium;\">Uczniowie naszej szko\u0142y wzi\u0119li udzia\u0142 w szkoleniu w ramach III edycji programu ,,Edukacja z wojskiem\u201d realizowanego we wsp\u00f3\u0142dzia\u0142aniu MEN i MON. Zagadnienia omawiane na szkoleniu dotycz\u0105: wojskowo\u015bci, obronno\u015bci, bezpiecze\u0144stwa, pomocy medycznej oraz obrony cywilnej. Dzi\u0119kujemy Pani Ani za ciekawe szkolenie.<\/span><\/span><\/span><\/p>\n<ul>\n<li>\n<p align=\"justify\"><span style=\"color: #000000;\"> \u201e<span style=\"font-family: Times New Roman, serif;\"><span style=\"font-size: medium;\"><i><b>Spec od j\u0119zyk\u00f3w\u201d<\/b><\/i><\/span><\/span><\/span><\/p>\n<\/li>\n<\/ul>\n<p align=\"justify\"><span style=\"color: #000000;\"><span style=\"font-family: Times New Roman, serif;\"><span style=\"font-size: medium;\">Podczas konkursu \u201eSpec od j\u0119zyk\u00f3w\u201d uczniowie naszej szko\u0142y wykazali si\u0119 \u015bwietn\u0105 znajomo\u015bci\u0105 j\u0119zyka angielskiego i niemieckiego. Dostrzegali podobie\u0144stwa mi\u0119dzy j\u0119zykami, sprawnie wykorzystywali swoje umiej\u0119tno\u015bci i imponowali bogatym zasobem s\u0142ownictwa. <\/span><\/span><\/span><\/p>\n<ul>\n<li>\n<p align=\"justify\"><span style=\"font-family: 'Times New Roman', serif; color: #000000;\"><span style=\"font-size: medium;\"><i><b>Mistrz s\u0142\u00f3wek<\/b><\/i><\/span><\/span><\/p>\n<\/li>\n<\/ul>\n<p align=\"justify\"><span style=\"color: #000000;\"><span style=\"font-family: Times New Roman, serif;\"><span style=\"font-size: medium;\">Pod takim has\u0142em przebiega\u0142y ostatnie lekcje j\u0119zyka angielskiego w klasach 1-3. Na ka\u017cdym poziomie wy\u0142oniony zosta\u0142 MISTRZ, kt\u00f3ry otrzyma\u0142 wyj\u0105tkowy dyplom przygotowany przez starszych koleg\u00f3w i kole\u017canki z klasy 5, unikatowy medal oraz nagrod\u0119. Nie oby\u0142o si\u0119 bez dogrywek, a sprawdzenie znajomo\u015bci s\u0142\u00f3wek z poszczeg\u00f3lnych etap\u00f3w nauki sprawi\u0142o wszystkim wiele rado\u015bci.<\/span><\/span><\/span><\/p>\n<ul>\n<li>\n<p align=\"justify\"><span style=\"color: #000000;\"><span style=\"font-family: Times New Roman, serif;\"><span style=\"font-size: medium;\"><i><b>Bezpieczne wakacje<\/b><\/i><\/span><\/span><\/span><\/p>\n<\/li>\n<\/ul>\n<p align=\"justify\"><span style=\"color: #000000;\"><span style=\"font-family: Times New Roman, serif;\"><span style=\"font-size: medium;\">W naszej szkole odby\u0142o si\u0119 spotkanie z policj\u0105 na temat bezpiecznych wakacji. Uczniowie przypomnieli sobie najwa\u017cniejsze zasady bezpiecze\u0144stwa i dowiedzieli si\u0119, jak m\u0105drze sp\u0119dza\u0107 czas letni. To by\u0142a cenna i ciekawa lekcja.<\/span><\/span><\/span><\/p>\n<ul>\n<li>\n<p align=\"justify\"><span style=\"font-family: 'Times New Roman', serif; color: #000000;\"><span style=\"font-size: medium;\"><i><b>Szkodliwo\u015b\u0107 e-papieros\u00f3w<\/b><\/i><\/span><\/span><\/p>\n<\/li>\n<\/ul>\n<p align=\"justify\"><span style=\"color: #000000;\"><span style=\"font-family: Times New Roman, serif;\"><span style=\"font-size: medium;\">Wiedz\u0105 na temat e-papieros\u00f3w, a dok\u0142adniej na temat ich szkodliwo\u015bci mogli wykaza\u0107 si\u0119 uczniowie klas 5-8, kt\u00f3rzy w zwi\u0105zku z prowadzon\u0105 profilaktyk\u0105 zapoznawali si\u0119 z informacjami na ich temat,<\/span><\/span><i><b> <\/b><\/i><span style=\"font-family: Times New Roman, serif;\"><span style=\"font-size: medium;\">a nast\u0119pnie sprawdzali swoj\u0105 wiedz\u0119 w postaci testu. Walka by\u0142a zaci\u0119ta jednak ostatecznie zwyci\u0119zc\u0105 okaza\u0142a si\u0119 klasa 6, kt\u00f3ra otrzyma\u0142a prezent niespodziank\u0119. Gratulujemy wszystkim wiedzy na temat w\/w zagadnie\u0144.<\/span><\/span><\/span><\/p>\n<ul>\n<li>\n<p align=\"justify\"><span style=\"font-family: 'Times New Roman', serif; color: #000000;\"><span style=\"font-size: medium;\"><i><b>Drugi Polak w Kosmosie<\/b><\/i><\/span><\/span><\/p>\n<\/li>\n<\/ul>\n<p align=\"justify\"><span style=\"font-family: 'Times New Roman', serif; color: #000000;\"><span style=\"font-size: medium;\">Uczniowie z zainteresowaniem \u015bledzili relacj\u0119 na \u017cywo ze startu rakiety z S\u0142awoszem Uzna\u0144skim na pok\u0142adzie. To wyj\u0105tkowy moment \u2013 drugi Polak polecia\u0142 w kosmos. Dla wielu by\u0142o to inspiruj\u0105ce i niezapomniane wydarzenie.<\/span><\/span><\/p>\n<ul>\n<li>\n<p align=\"justify\"><span style=\"font-family: 'Times New Roman', serif; color: #000000;\"><span style=\"font-size: medium;\"><i><b>Mistrz Tabliczki Mno\u017cenia<\/b><\/i><\/span><\/span><\/p>\n<\/li>\n<\/ul>\n<p align=\"justify\"><span style=\"color: #000000;\"><span style=\"font-family: Times New Roman, serif;\"><span style=\"font-size: medium;\">Dnia 18 czerwca w naszej szkole odby\u0142 si\u0119 konkurs matematyczny dla klasy drugiej i trzeciej pod nazw\u0105 \u201eMistrz Tabliczki Mno\u017cenia\u201d Celem konkursu by\u0142o rozwijanie umiej\u0119tno\u015bci szybkiego i poprawnego mno\u017cenia, a tak\u017ce zach\u0119canie uczni\u00f3w do doskonalenia swoich zdolno\u015bci matematycznych w przyjaznej atmosferze rywalizacji. Liczy\u0142a si\u0119 nie tylko znajomo\u015b\u0107 tabliczki mno\u017cenia, ale r\u00f3wnie\u017c szybko\u015b\u0107 i dok\u0142adno\u015b\u0107 rozwi\u0105zywania zada\u0144.<\/span><\/span><\/span><\/p>\n<ul>\n<li>\n<p align=\"justify\"><span style=\"color: #000000;\"><span style=\"font-family: Times New Roman, serif;\"><span style=\"font-size: medium;\"><i><b>Po\u017cegnanie 8-klasist\u00f3w<\/b><\/i><\/span><\/span><\/span><\/p>\n<\/li>\n<\/ul>\n<p align=\"justify\"><span style=\"font-family: 'Times New Roman', serif; color: #000000;\"><span style=\"font-size: medium;\">\u00d3smoklasi\u015bci po\u017cegnali szko\u0142\u0119 we wsp\u00f3lnej zabawie pe\u0142nej rado\u015bci, muzyki i ta\u0144ca. Dzi\u0119ki zaanga\u017cowaniu rodzic\u00f3w i nauczycieli spotkanie mia\u0142o wyj\u0105tkowy klimat. By\u0142y wzruszenia, u\u015bmiechy i pi\u0119kne wspomnienia na zako\u0144czenie tego wa\u017cnego etapu. Niech przed Wami otwieraj\u0105 si\u0119 nowe \u015bcie\u017cki i spe\u0142niaj\u0105 szkolne marzenia!<\/span><\/span><\/p>\n<ul>\n<li>\n<p align=\"justify\"><span style=\"font-family: 'Times New Roman', serif; color: #000000;\"><span style=\"font-size: medium;\"><i><b>Wakacje<\/b><\/i><\/span><\/span><\/p>\n<\/li>\n<\/ul>\n<p align=\"justify\"><span style=\"color: #000000;\"> <span style=\"font-family: Times New Roman, serif;\"><span style=\"font-size: medium;\">Po pracowitym roku szkolnym, pe\u0142nym r\u00f3\u017cnorodnych zada\u0144 wyruszamy na zas\u0142u\u017cone wakacje.<\/span><\/span><\/span><\/p>\n<p align=\"justify\"><span style=\"color: #000000;\"><span style=\"font-family: Times New Roman, serif;\"><span style=\"font-size: medium;\">\u017byczymy wszystkim, by by\u0142y pe\u0142ne s\u0142o\u0144ca, rado\u015bci i wypoczynku. <\/span><\/span><\/span><\/p>\n<ul>\n<li>\n<p align=\"justify\"><span style=\"font-family: 'Times New Roman', serif; color: #000000;\"><span style=\"font-size: medium;\"><i><b>Uroczyste zako\u0144czenie roku szkolnego 2024\/25 i po\u017cegnanie absolwent\u00f3w<\/b><\/i><\/span><\/span><\/p>\n<\/li>\n<\/ul>\n<p><span style=\"font-family: 'Times New Roman', serif; color: #000000;\"><span style=\"font-size: medium;\">\u00d3smoklasi\u015bci, ruszamy z map\u0105 serca w now\u0105 drog\u0119, bo w\u0142a\u015bnie dzi\u015b po\u017cegnali\u015bmy nasz\u0105 Szko\u0142\u0119 Podstawow\u0105 w Nowej Wsi Ujskiej. Zabieramy wspomnienia, historie i prze\u017cycia, kt\u00f3re nam towarzyszy\u0142y przez ponad 8 lat. <\/span><\/span><\/p>\n<p><span style=\"font-family: 'Times New Roman', serif; color: #000000;\"><span style=\"font-size: medium;\">Zako\u0144czenie roku szkolnego 2024\/25 dla klas m\u0142odszych I-IV mia\u0142o miejsce w Miros\u0142awiu, nast\u0119pnie dla starszych (V-VIII) w Nowej Wsi Ujskiej.<\/span><\/span><\/p>\n<p><span style=\"font-family: 'Times New Roman', serif; color: #000000;\"><span style=\"font-size: medium;\">Rozpocz\u0119li\u015bmy Msz\u0105 \u015bw., a na uroczystym apelu powitali\u015bmy przedstawicieli w\u0142adz Miasta i Gminy Uj\u015bcie &#8211; Wiceburmistrza Pana Tomasza Ciechanowskiego, Przewodnicz\u0105c\u0105 Rady Miejskiej Pani\u0105 Cecyli\u0119 Witczak, Radnego &#8211; Pana Mariusza Pe\u0142echatego oraz Prezesa Firmy SATEBA w Miros\u0142awiu &#8211; Pana Dariusza Terleckiego. Nie zabrak\u0142o Pa\u0144 So\u0142tys obu wsi &#8211; p.Alicji Hajt oraz p.Ma\u0142gorzaty Ignacy, szanownych emeryt\u00f3w, nauczycieli i pracownik\u00f3w szko\u0142y oraz zaproszonych rodzic\u00f3w i uczni\u00f3w.<\/span><\/span><\/p>\n<p><span style=\"font-family: 'Times New Roman', serif; color: #000000;\"><span style=\"font-size: medium;\">Polonez rozpocz\u0105\u0142 cz\u0119\u015b\u0107 oficjaln\u0105 po\u017cegnania Absolwent\u00f3w, podczas kt\u00f3rej wr\u0119czone zosta\u0142y nagrody. Statuetk\u0119 Honoriusza Szko\u0142y otrzyma\u0142 Karol Pelechaty, miano Najlepszego Ucznia zdoby\u0142a Maja Ilczuk ze \u015bredni\u0105 5,82, kt\u00f3ra dodatkowo wykaza\u0142a si\u0119 100%- frekwencj\u0105 ( podobnie w klasach m\u0142odszych- Kornelia Szlachciak ). Docenili\u015bmy tak\u017ce uczni\u00f3w, kt\u00f3rzy wyr\u00f3\u017cnili si\u0119 w czytelnictwie, a byli to: Ryszard Czerniak z kl.7 oraz Kaja Zieli\u0144ska i Maria Sawi\u0144ska z kl.4. <\/span><\/span><\/p>\n<p><span style=\"font-family: 'Times New Roman', serif; color: #000000;\"><span style=\"font-size: medium;\">Szko\u0142\u0119 podstawow\u0105 uko\u0144czyli z wyr\u00f3\u017cnieniem Karol Pelechaty oraz Nadia Pa\u0144czak. W klasie VI wyr\u00f3\u017cniaj\u0105ce si\u0119 \u015bwiadectwo otrzymali: Martyna Niemczy\u0144ska, Maja Chmiela, Zuzanna Pawlus i Adam Jankowski, z kl.V &#8211; Maja Ilczuk, Oliwia Piechocka, Kamil Szwemi\u0144ski, Zuzanna Przystasz oraz Maja G\u0142owacka, natomiast w kl.IV Maria Sawi\u0144ska, Julita Wiliczkiewicz, Antonina Ma\u0107kowiak, Micha\u0142 Niemczy\u0144ski, Kacper Paw\u0142owski i Damian Grajkowski. Nagrody ksi\u0105\u017ckowe w imieniu Rady Rodzic\u00f3w wr\u0119cza\u0142a przewodnicz\u0105ca Pani Ma\u0142gorzata Jessa.<\/span><\/span><\/p>\n<p><span style=\"font-family: 'Times New Roman', serif; color: #000000;\"><span style=\"font-size: medium;\">Bez os\u00f3b, kt\u00f3re zawsze nas wspiera\u0142y w dzia\u0142aniach i przedsi\u0119wzi\u0119ciach, bez Rodzic\u00f3w, na kt\u00f3rych mo\u017cemy liczy\u0107, nie by\u0142oby szko\u0142y &#8211; st\u0105d nasze niskie uk\u0142ony i podzi\u0119kowania wr\u0119czone imiennie na apelu.<\/span><\/span><\/p>\n<p><span style=\"font-family: 'Times New Roman', serif; color: #000000;\"><span style=\"font-size: medium;\">Absolwenci zwr\u00f3cili si\u0119 r\u00f3wnie\u017c z podzi\u0119kowaniami do Pana Dyrektora oraz swych wcze\u015bniejszych wychowawc\u00f3w &#8211; p.Joli Kujawy oraz p.Jadwigi Potoczko, przekazuj\u0105c dla\u0144 tablo, bukiet kwiat\u00f3w i moc wdzi\u0119czno\u015bci. <\/span><\/span><\/p>\n<p><span style=\"font-family: 'Times New Roman', serif; color: #000000;\"><span style=\"font-size: medium;\">W cz\u0119\u015b\u0107 I uroczysto\u015bci Bartosz Grajkowski pi\u0119knie za\u015bpiewan\u0105 piosenk\u0105 dzi\u0119kowa\u0142 w imieniu wszystkich Absolwent\u00f3w Rodzicom, a kl.6-7 podsumowa\u0142y utworem &#8222;Kolejny krok&#8221; mijaj\u0105cy rok szkolny. <\/span><\/span><\/p>\n<p><span style=\"font-family: 'Times New Roman', serif; color: #000000;\"><span style=\"font-size: medium;\">Cz\u0119\u015b\u0107 II stanowi\u0142a &#8222;audycja radiowa&#8221; pt.&#8221;G\u0142os \u00f3smej klasy &#8221; prezentuj\u0105ca nasze grono pedagogiczne z u\u015bmiechem i lekkim przymru\u017ceniem oka.<\/span><\/span><\/p>\n<p><span style=\"font-family: 'Times New Roman', serif; color: #000000;\"><span style=\"font-size: medium;\">Wyj\u0105tkowym momentem by\u0142o r\u00f3wnie\u017c zasadzenie przez uczni\u00f3w ko\u0144cz\u0105cych szko\u0142\u0119 i ich Rodzic\u00f3w na terenie szkolnym drzewka -ozdobnego klonu, kt\u00f3re symbolizowa\u0107 b\u0119dzie cz\u0105stk\u0119 Absolwent\u00f3w pozosta\u0142\u0105 w naszych murach na zawsze.<\/span><\/span><\/p>\n<p><span style=\"font-family: 'Times New Roman', serif; color: #000000;\"><span style=\"font-size: medium;\">Pan Dyrektor podzi\u0119kowa\u0142 Pani Ma\u0142gorzacie Ignacy &#8211; nauczycielce oddzia\u0142u przedszkolnego w Nowej Wsi Ujskiej, kt\u00f3ra ko\u0144czy sw\u0105 prac\u0119 u nas. Dzi\u0119kujemy ogromnie za pasj\u0119, energi\u0119 i u\u015bmiech, kt\u00f3re towarzyszy\u0142y najm\u0142odszym ka\u017cdego dnia.<\/span><\/span><\/p>\n<p><a name=\"_GoBack\"><\/a> <span style=\"font-family: Times New Roman, serif;\"><span style=\"font-size: medium;\"><span style=\"color: #000000;\">\u017bycz\u0105c wszystkim bezpiecznych, pogodnych i pe\u0142nych wra\u017ce\u0144 wakacji i urlop\u00f3w, \u017cegnamy si\u0119 z naszymi uczniami do 1 wrze\u015bnia!<\/span> <\/span><\/span><\/p>\n\n\n\n<figure class=\"wp-block-gallery has-nested-images columns-5 is-cropped wp-block-gallery-1 is-layout-flex wp-block-gallery-is-layout-flex\">\n<figure class=\"wp-block-image size-large\"><img loading=\"lazy\" decoding=\"async\" width=\"575\" height=\"1024\" data-id=\"11633\" src=\"https:\/\/spnwu.pl\/wp-content\/uploads\/2025\/07\/absolwenci-sadza-drzewko.jpg\" alt=\"\" class=\"wp-image-11633\" srcset=\"https:\/\/spnwu.pl\/wp-content\/uploads\/2025\/07\/absolwenci-sadza-drzewko.jpg 575w, https:\/\/spnwu.pl\/wp-content\/uploads\/2025\/07\/absolwenci-sadza-drzewko-168x300.jpg 168w, https:\/\/spnwu.pl\/wp-content\/uploads\/2025\/07\/absolwenci-sadza-drzewko-112x200.jpg 112w\" sizes=\"auto, (max-width: 575px) 100vw, 575px\" \/><\/figure>\n\n\n\n<figure class=\"wp-block-image size-large\"><img loading=\"lazy\" decoding=\"async\" width=\"1024\" height=\"768\" data-id=\"11632\" src=\"https:\/\/spnwu.pl\/wp-content\/uploads\/2025\/07\/akcja-Zonkile.jpg\" alt=\"\" class=\"wp-image-11632\" srcset=\"https:\/\/spnwu.pl\/wp-content\/uploads\/2025\/07\/akcja-Zonkile.jpg 1024w, https:\/\/spnwu.pl\/wp-content\/uploads\/2025\/07\/akcja-Zonkile-300x225.jpg 300w, https:\/\/spnwu.pl\/wp-content\/uploads\/2025\/07\/akcja-Zonkile-768x576.jpg 768w, https:\/\/spnwu.pl\/wp-content\/uploads\/2025\/07\/akcja-Zonkile-267x200.jpg 267w\" sizes=\"auto, (max-width: 1024px) 100vw, 1024px\" \/><\/figure>\n\n\n\n<figure class=\"wp-block-image size-large\"><img loading=\"lazy\" decoding=\"async\" width=\"1024\" height=\"576\" data-id=\"11626\" src=\"https:\/\/spnwu.pl\/wp-content\/uploads\/2025\/07\/festyn-z-okazji-Dnia-Dziecka.jpg\" alt=\"\" class=\"wp-image-11626\" srcset=\"https:\/\/spnwu.pl\/wp-content\/uploads\/2025\/07\/festyn-z-okazji-Dnia-Dziecka.jpg 1024w, https:\/\/spnwu.pl\/wp-content\/uploads\/2025\/07\/festyn-z-okazji-Dnia-Dziecka-300x169.jpg 300w, https:\/\/spnwu.pl\/wp-content\/uploads\/2025\/07\/festyn-z-okazji-Dnia-Dziecka-768x432.jpg 768w, https:\/\/spnwu.pl\/wp-content\/uploads\/2025\/07\/festyn-z-okazji-Dnia-Dziecka-356x200.jpg 356w, https:\/\/spnwu.pl\/wp-content\/uploads\/2025\/07\/festyn-z-okazji-Dnia-Dziecka-437x245.jpg 437w\" sizes=\"auto, (max-width: 1024px) 100vw, 1024px\" \/><\/figure>\n\n\n\n<figure class=\"wp-block-image size-large\"><img loading=\"lazy\" decoding=\"async\" width=\"768\" height=\"1024\" data-id=\"11628\" src=\"https:\/\/spnwu.pl\/wp-content\/uploads\/2025\/07\/lekcje-z-wojskiem.jpg\" alt=\"\" class=\"wp-image-11628\" srcset=\"https:\/\/spnwu.pl\/wp-content\/uploads\/2025\/07\/lekcje-z-wojskiem.jpg 768w, https:\/\/spnwu.pl\/wp-content\/uploads\/2025\/07\/lekcje-z-wojskiem-225x300.jpg 225w, https:\/\/spnwu.pl\/wp-content\/uploads\/2025\/07\/lekcje-z-wojskiem-150x200.jpg 150w\" sizes=\"auto, (max-width: 768px) 100vw, 768px\" \/><\/figure>\n\n\n\n<figure class=\"wp-block-image size-large\"><img loading=\"lazy\" decoding=\"async\" width=\"1024\" height=\"575\" data-id=\"11630\" src=\"https:\/\/spnwu.pl\/wp-content\/uploads\/2025\/07\/osmoklasisci-i-rodzice.jpg\" alt=\"\" class=\"wp-image-11630\" srcset=\"https:\/\/spnwu.pl\/wp-content\/uploads\/2025\/07\/osmoklasisci-i-rodzice.jpg 1024w, https:\/\/spnwu.pl\/wp-content\/uploads\/2025\/07\/osmoklasisci-i-rodzice-300x168.jpg 300w, https:\/\/spnwu.pl\/wp-content\/uploads\/2025\/07\/osmoklasisci-i-rodzice-768x431.jpg 768w, https:\/\/spnwu.pl\/wp-content\/uploads\/2025\/07\/osmoklasisci-i-rodzice-356x200.jpg 356w, https:\/\/spnwu.pl\/wp-content\/uploads\/2025\/07\/osmoklasisci-i-rodzice-437x245.jpg 437w\" sizes=\"auto, (max-width: 1024px) 100vw, 1024px\" \/><\/figure>\n\n\n\n<figure class=\"wp-block-image size-large\"><img loading=\"lazy\" decoding=\"async\" width=\"1024\" height=\"576\" data-id=\"11625\" src=\"https:\/\/spnwu.pl\/wp-content\/uploads\/2025\/07\/projekt-z-j.-angielskiego.jpg\" alt=\"\" class=\"wp-image-11625\" srcset=\"https:\/\/spnwu.pl\/wp-content\/uploads\/2025\/07\/projekt-z-j.-angielskiego.jpg 1024w, https:\/\/spnwu.pl\/wp-content\/uploads\/2025\/07\/projekt-z-j.-angielskiego-300x169.jpg 300w, https:\/\/spnwu.pl\/wp-content\/uploads\/2025\/07\/projekt-z-j.-angielskiego-768x432.jpg 768w, https:\/\/spnwu.pl\/wp-content\/uploads\/2025\/07\/projekt-z-j.-angielskiego-356x200.jpg 356w, https:\/\/spnwu.pl\/wp-content\/uploads\/2025\/07\/projekt-z-j.-angielskiego-437x245.jpg 437w\" sizes=\"auto, (max-width: 1024px) 100vw, 1024px\" \/><\/figure>\n\n\n\n<figure class=\"wp-block-image size-large\"><img loading=\"lazy\" decoding=\"async\" width=\"996\" height=\"768\" data-id=\"11627\" src=\"https:\/\/spnwu.pl\/wp-content\/uploads\/2025\/07\/przedszkole-w-NWU.jpg\" alt=\"\" class=\"wp-image-11627\" srcset=\"https:\/\/spnwu.pl\/wp-content\/uploads\/2025\/07\/przedszkole-w-NWU.jpg 996w, https:\/\/spnwu.pl\/wp-content\/uploads\/2025\/07\/przedszkole-w-NWU-300x231.jpg 300w, https:\/\/spnwu.pl\/wp-content\/uploads\/2025\/07\/przedszkole-w-NWU-768x592.jpg 768w, https:\/\/spnwu.pl\/wp-content\/uploads\/2025\/07\/przedszkole-w-NWU-259x200.jpg 259w\" sizes=\"auto, (max-width: 996px) 100vw, 996px\" \/><\/figure>\n\n\n\n<figure class=\"wp-block-image size-large\"><img loading=\"lazy\" decoding=\"async\" width=\"1024\" height=\"768\" data-id=\"11631\" src=\"https:\/\/spnwu.pl\/wp-content\/uploads\/2025\/07\/wiosenne-przedstawienie-w-kl.-1.jpg\" alt=\"\" class=\"wp-image-11631\" srcset=\"https:\/\/spnwu.pl\/wp-content\/uploads\/2025\/07\/wiosenne-przedstawienie-w-kl.-1.jpg 1024w, https:\/\/spnwu.pl\/wp-content\/uploads\/2025\/07\/wiosenne-przedstawienie-w-kl.-1-300x225.jpg 300w, https:\/\/spnwu.pl\/wp-content\/uploads\/2025\/07\/wiosenne-przedstawienie-w-kl.-1-768x576.jpg 768w, https:\/\/spnwu.pl\/wp-content\/uploads\/2025\/07\/wiosenne-przedstawienie-w-kl.-1-267x200.jpg 267w\" sizes=\"auto, (max-width: 1024px) 100vw, 1024px\" \/><\/figure>\n\n\n\n<figure class=\"wp-block-image size-large\"><img loading=\"lazy\" decoding=\"async\" width=\"1024\" height=\"575\" data-id=\"11634\" src=\"https:\/\/spnwu.pl\/wp-content\/uploads\/2025\/07\/zakonczenie-kl.8.jpg\" alt=\"\" class=\"wp-image-11634\" srcset=\"https:\/\/spnwu.pl\/wp-content\/uploads\/2025\/07\/zakonczenie-kl.8.jpg 1024w, https:\/\/spnwu.pl\/wp-content\/uploads\/2025\/07\/zakonczenie-kl.8-300x168.jpg 300w, https:\/\/spnwu.pl\/wp-content\/uploads\/2025\/07\/zakonczenie-kl.8-768x431.jpg 768w, https:\/\/spnwu.pl\/wp-content\/uploads\/2025\/07\/zakonczenie-kl.8-356x200.jpg 356w, https:\/\/spnwu.pl\/wp-content\/uploads\/2025\/07\/zakonczenie-kl.8-437x245.jpg 437w\" sizes=\"auto, (max-width: 1024px) 100vw, 1024px\" \/><\/figure>\n\n\n\n<figure class=\"wp-block-image size-large\"><img loading=\"lazy\" decoding=\"async\" width=\"1024\" height=\"768\" data-id=\"11629\" src=\"https:\/\/spnwu.pl\/wp-content\/uploads\/2025\/07\/zakonczenie-przedszkola-w-Miroslawiu.jpg\" alt=\"\" class=\"wp-image-11629\" srcset=\"https:\/\/spnwu.pl\/wp-content\/uploads\/2025\/07\/zakonczenie-przedszkola-w-Miroslawiu.jpg 1024w, https:\/\/spnwu.pl\/wp-content\/uploads\/2025\/07\/zakonczenie-przedszkola-w-Miroslawiu-300x225.jpg 300w, https:\/\/spnwu.pl\/wp-content\/uploads\/2025\/07\/zakonczenie-przedszkola-w-Miroslawiu-768x576.jpg 768w, https:\/\/spnwu.pl\/wp-content\/uploads\/2025\/07\/zakonczenie-przedszkola-w-Miroslawiu-267x200.jpg 267w\" sizes=\"auto, (max-width: 1024px) 100vw, 1024px\" \/><\/figure>\n<\/figure>\n","protected":false},"excerpt":{"rendered":"<p>\u015awiatowy Dzie\u0144 Ksi\u0105\u017cki i Praw Autorskich To dzie\u0144 promocji czytelnictwa i tak te\u017c by\u0142o w naszej szkole. Najlepszym prezentem dla ksi\u0105\u017cki &#8211; w dniu jej \u015bwi\u0119ta- by\u0142o si\u0119gni\u0119cie po ni\u0105. &hellip;<\/p>\n","protected":false},"author":1,"featured_media":11624,"comment_status":"closed","ping_status":"closed","sticky":false,"template":"","format":"standard","meta":{"_themeisle_gutenberg_block_has_review":false,"footnotes":""},"categories":[50],"tags":[],"class_list":["post-11621","post","type-post","status-publish","format-standard","has-post-thumbnail","hentry","category-kronika-2024-2024"],"_links":{"self":[{"href":"https:\/\/spnwu.pl\/index.php\/wp-json\/wp\/v2\/posts\/11621","targetHints":{"allow":["GET"]}}],"collection":[{"href":"https:\/\/spnwu.pl\/index.php\/wp-json\/wp\/v2\/posts"}],"about":[{"href":"https:\/\/spnwu.pl\/index.php\/wp-json\/wp\/v2\/types\/post"}],"author":[{"embeddable":true,"href":"https:\/\/spnwu.pl\/index.php\/wp-json\/wp\/v2\/users\/1"}],"replies":[{"embeddable":true,"href":"https:\/\/spnwu.pl\/index.php\/wp-json\/wp\/v2\/comments?post=11621"}],"version-history":[{"count":4,"href":"https:\/\/spnwu.pl\/index.php\/wp-json\/wp\/v2\/posts\/11621\/revisions"}],"predecessor-version":[{"id":11636,"href":"https:\/\/spnwu.pl\/index.php\/wp-json\/wp\/v2\/posts\/11621\/revisions\/11636"}],"wp:featuredmedia":[{"embeddable":true,"href":"https:\/\/spnwu.pl\/index.php\/wp-json\/wp\/v2\/media\/11624"}],"wp:attachment":[{"href":"https:\/\/spnwu.pl\/index.php\/wp-json\/wp\/v2\/media?parent=11621"}],"wp:term":[{"taxonomy":"category","embeddable":true,"href":"https:\/\/spnwu.pl\/index.php\/wp-json\/wp\/v2\/categories?post=11621"},{"taxonomy":"post_tag","embeddable":true,"href":"https:\/\/spnwu.pl\/index.php\/wp-json\/wp\/v2\/tags?post=11621"}],"curies":[{"name":"wp","href":"https:\/\/api.w.org\/{rel}","templated":true}]}}