{"id":11323,"date":"2025-03-28T11:26:03","date_gmt":"2025-03-28T10:26:03","guid":{"rendered":"https:\/\/spnwu.pl\/?p=11323"},"modified":"2025-09-02T13:02:55","modified_gmt":"2025-09-02T12:02:55","slug":"warsztaty-dla-rodzicow-i-nie-tylko","status":"publish","type":"post","link":"https:\/\/spnwu.pl\/index.php\/2025\/03\/28\/warsztaty-dla-rodzicow-i-nie-tylko\/kronika\/kronika-2024-2024\/","title":{"rendered":"Warsztaty dla rodzic\u00f3w i nie tylko!!!"},"content":{"rendered":"\n<p>\ud83d\udce2 <span style=\"font-family: Calibri, sans-serif;\"><strong>Zapraszamy na warsztaty dla rodzic\u00f3w <\/strong><strong>i nie tylko<\/strong><strong>!<\/strong> 3. kwietnia 2025.\ud83d\udce2<\/span><\/p>\n<p><span style=\"font-family: Calibri, sans-serif;\">Czy zastanawiasz si\u0119, jak wspiera\u0107 dziecko w \u015bwiecie pe\u0142nym technologii i medi\u00f3w cyfrowych? Chcesz dowiedzie\u0107 si\u0119, jak by\u0107 rodzicem w erze wirtualnej rzeczywisto\u015bci, zrozumie\u0107 wyzwania, jakie niesie internet, oraz nauczy\u0107 si\u0119 budowa\u0107 zdrowe relacje w cyfrowym \u015bwiecie?<\/span><\/p>\n<p>\ud83d\udca1 <span style=\"font-family: Calibri, sans-serif;\">Warsztaty <strong>&#8222;Jak by\u0107 rodzicem w dobie \u015bwiata wirtualnego?&#8221;<\/strong> s\u0105 dla Ciebie! Podczas spotkania:<\/span><\/p>\n<ul>\n<li>\n<p><span style=\"font-family: Calibri, sans-serif;\">Zdob\u0119dziesz praktyczne wskaz\u00f3wki, jak rozmawia\u0107 z dzieckiem o technologii i zagro\u017ceniach online.<\/span><\/p>\n<\/li>\n<li>\n<p><span style=\"font-family: Calibri, sans-serif;\">Dowiesz si\u0119, jak wspiera\u0107 rozw\u00f3j dziecka, jednocze\u015bnie wyznaczaj\u0105c granice w korzystaniu z urz\u0105dze\u0144.<\/span><\/p>\n<\/li>\n<li>\n<p><span style=\"font-family: Calibri, sans-serif;\">Poznasz strategie budowania cyfrowej r\u00f3wnowagi w rodzinie.<\/span><\/p>\n<\/li>\n<\/ul>\n<p>\ud83d\udc68\u200d\ud83d\udc69\u200d\ud83d\udc67\u200d\ud83d\udc66 <span style=\"font-family: Calibri, sans-serif;\"><strong>Dla kogo?<\/strong> <span style=\"text-decoration: underline;\">Dla wszystkich rodzicowi innych zainteresowanych os\u00f3b (np. dziadk\u00f3w),<\/span> kt\u00f3rzy chc\u0105 lepiej zrozumie\u0107 \u015bwiat wirtualny i przygotowa\u0107 dzieci na odpowiedzialne korzystanie z niego.<\/span><\/p>\n<p><span style=\"font-family: Calibri, sans-serif;\"><u><b>Warsztaty odb\u0119d\u0105 si\u0119 w dniu 3. kwietnia 2025, o godzinie 16:30 w <\/b><\/u><u><b>sali wiejskiej<\/b><\/u><u><b> w Nowej Wsi Ujskie<\/b><\/u><u><b>j<\/b><\/u><b>. <\/b>Czas trwania warsztat\u00f3w \u2013 oko\u0142o 60 minut.<br \/><\/span><\/p>\n<p><span style=\"font-family: Calibri, sans-serif;\"><span style=\"font-size: small;\">Prowadz\u0105cy warsztaty: <span style=\"font-size: medium;\"><b>Przemys\u0142aw Pieczy\u0144ski <\/b><\/span>&#8211; dr nauk o kulturze fizycznej, certyfikowany psycholog sportu, neurodydaktyk, psychodietetyk, pedagog specjalny, trener mentalny, coach, trener biznesu, doradca zawodowy, kinezjolog edukacyjny. Psycholog sportu Reprezentacji Polski w pi\u0142ce siatkowej U15, U19, U21, Reprezentacji Polski w unihokeju U19. Wsp\u00f3\u0142pracuj\u0105cy ze Szko\u0142ami Mistrzostwa Sportowego w Gorzowie Wlkp., Szczyrku, Jastrz\u0119biu-Zdr\u00f3j i \u0141omiankach. Trener mentalny w projekcie WorldSkills Poland 2022 (Graz), 2023 (Gda\u0144sk) Lyon (2024). Wsp\u00f3\u0142pracuj\u0105cy z Fundacj\u0105 \u201eSzko\u0142a bez ocen\u201d jako ekspert i prelegent podczas debat miejskich i wojew\u00f3dzkich.<\/span><\/span><\/p>\n","protected":false},"excerpt":{"rendered":"<p>\ud83d\udce2 Zapraszamy na warsztaty dla rodzic\u00f3w i nie tylko! 3. kwietnia 2025.\ud83d\udce2 Czy zastanawiasz si\u0119, jak wspiera\u0107 dziecko w \u015bwiecie pe\u0142nym technologii i medi\u00f3w cyfrowych? Chcesz dowiedzie\u0107 si\u0119, jak by\u0107 &hellip;<\/p>\n","protected":false},"author":1,"featured_media":11325,"comment_status":"closed","ping_status":"closed","sticky":false,"template":"","format":"standard","meta":{"_themeisle_gutenberg_block_has_review":false,"footnotes":""},"categories":[50],"tags":[],"class_list":["post-11323","post","type-post","status-publish","format-standard","has-post-thumbnail","hentry","category-kronika-2024-2024"],"_links":{"self":[{"href":"https:\/\/spnwu.pl\/index.php\/wp-json\/wp\/v2\/posts\/11323","targetHints":{"allow":["GET"]}}],"collection":[{"href":"https:\/\/spnwu.pl\/index.php\/wp-json\/wp\/v2\/posts"}],"about":[{"href":"https:\/\/spnwu.pl\/index.php\/wp-json\/wp\/v2\/types\/post"}],"author":[{"embeddable":true,"href":"https:\/\/spnwu.pl\/index.php\/wp-json\/wp\/v2\/users\/1"}],"replies":[{"embeddable":true,"href":"https:\/\/spnwu.pl\/index.php\/wp-json\/wp\/v2\/comments?post=11323"}],"version-history":[{"count":1,"href":"https:\/\/spnwu.pl\/index.php\/wp-json\/wp\/v2\/posts\/11323\/revisions"}],"predecessor-version":[{"id":11324,"href":"https:\/\/spnwu.pl\/index.php\/wp-json\/wp\/v2\/posts\/11323\/revisions\/11324"}],"wp:featuredmedia":[{"embeddable":true,"href":"https:\/\/spnwu.pl\/index.php\/wp-json\/wp\/v2\/media\/11325"}],"wp:attachment":[{"href":"https:\/\/spnwu.pl\/index.php\/wp-json\/wp\/v2\/media?parent=11323"}],"wp:term":[{"taxonomy":"category","embeddable":true,"href":"https:\/\/spnwu.pl\/index.php\/wp-json\/wp\/v2\/categories?post=11323"},{"taxonomy":"post_tag","embeddable":true,"href":"https:\/\/spnwu.pl\/index.php\/wp-json\/wp\/v2\/tags?post=11323"}],"curies":[{"name":"wp","href":"https:\/\/api.w.org\/{rel}","templated":true}]}}