{"id":11307,"date":"2025-03-14T11:06:01","date_gmt":"2025-03-14T10:06:01","guid":{"rendered":"https:\/\/spnwu.pl\/?p=11307"},"modified":"2025-09-02T13:03:06","modified_gmt":"2025-09-02T12:03:06","slug":"wiesci-ze-szkoly-i-iii-2025","status":"publish","type":"post","link":"https:\/\/spnwu.pl\/index.php\/2025\/03\/14\/wiesci-ze-szkoly-i-iii-2025\/kronika\/2014-2015\/","title":{"rendered":"Wie\u015bci ze szko\u0142y \u2013 I &#8211; III 2025."},"content":{"rendered":"\n<p><strong>\uf0d8 Pasowanie na czytelnika uczni\u00f3w klasy I<\/strong><br>To by\u0142 wa\u017cny dzie\u0144 dla uczni\u00f3w klasy pierwszej! Odwiedzili bowiem razem z wychowawczyni\u0105 \u2013 p. El\u0105 &#8211; szkoln\u0105 bibliotek\u0119. Poznali zasady wypo\u017cyczania i regulamin biblioteki, z\u0142o\u017cyli przysi\u0119g\u0119 dotycz\u0105c\u0105 szanowania ksi\u0105\u017cek i finalnie zostali pasowani na czytelnika. Gratulujemy im serdecznie, \u017cycz\u0105c, aby przygoda zwana czytaniem nie ko\u0144czy\u0142a si\u0119 nigdy! Drodzy Rodzice, liczymy na Wasz\u0105 pomoc!<br><br><strong>\uf0d8 Kolejny konkurs ju\u017c za nami\u2026<\/strong><br>Pod koniec I semestru odby\u0142 si\u0119 szkolny konkurs \u2013 \u201eMistrz czytania ze zrozumieniem\u201d , w kt\u00f3rym wzi\u0119li udzia\u0142 uczniowie klas 4-8. Celem konkursu by\u0142o: doskonalenie umiej\u0119tno\u015bci cichego czytania ze zrozumieniem, pisania i wykorzystywania wiedzy w praktyce oraz korzystania z podanych informacji, kszta\u0142towanie koncentracji, rozwijanie zainteresowa\u0144 czytelniczych uczni\u00f3w, zach\u0119canie do zdobywania wiedzy i umiej\u0119tno\u015bci a tak\u017ce kszta\u0142towanie umiej\u0119tno\u015bci zdrowej rywalizacji i radzenia sobie ze stresem.<br>Mistrzami czytania ze zrozumieniem zostali: w klasie 4 &#8211; Maria Sawi\u0144ska, w klasie 5- Zuzanna Przystasz, w klasie 6- Martyna Niemczy\u0144ska, w klasie 7- Kalina Lipi\u0144ska, a w klasie 8- Nadia Pa\u0144czak. Uczennice otrzyma\u0142y pami\u0105tkowe dyplomy i nagrody rzeczowe.<br><br><strong>\uf0d8 Dzie\u0144 Babci i Dziadka<\/strong><br>Babcia i Dziadek to s\u0142owa, kt\u00f3re ka\u017cdemu dziecku kojarz\u0105 si\u0119 z ciep\u0142em, mi\u0142o\u015bci\u0105 i wszystkim, co dobre. Dlatego dzieci z grupy Pszcz\u00f3\u0142ek w Nowej Wsi Ujskiej oraz przedszkolaki w Miros\u0142awiu go\u015bci\u0142y swoje babcie oraz dziadk\u00f3w na uroczysto\u015bci z tej okazji. Dzieci od\u015bwi\u0119tnie ubrane od rana wyczekiwa\u0142y swoich bliskich. Po przywitaniu go\u015bci rozpocz\u0119\u0142y sw\u00f3j wyst\u0119p. By\u0142y wiersze, piosenki, taniec oraz gra na instrumentach. Rodzice zadbali by seniorom i dzieciom nie zabrak\u0142o pocz\u0119stunku. Przy kawie i s\u0142odko\u015bciach przedszkolaki ucztowa\u0142y wraz go\u015b\u0107mi. By\u0142o niezwyk\u0142e tanecznie, a serca dzieci bi\u0142y mocno dla swoich Dziadk\u00f3w.<br><br><strong>\uf0d8 WO\u015aP 2025<\/strong><br>Ferie pokrzy\u017cowa\u0142y troch\u0119 nasze plany, ale dorzucili\u015bmy swoj\u0105 cegie\u0142k\u0119 dla onkologii i hematologii dzieci\u0119cej dzi\u0119ki zbi\u00f3rkom naszych wolontariuszy, sprzeda\u017cy ciast od Rady Rodzic\u00f3w, licytacji po\u017ceracza smutk\u00f3w w akcji #szyjemydobro i nauczycieleszyj\u0105dlawo\u015bp oraz z za\u0142o\u017conych e-skarbonek. \u0141\u0105cznie przekazali\u015bmy na rzecz Fundacji 5210,40 z\u0142<br><br><strong>\uf0d8 Dzie\u0144 Pizzy<\/strong><br>Pizza party na zaj\u0119ciach oraz k\u00f3\u0142ku j\u0119zyka angielskiego, podczas kt\u00f3rych mieli\u015bmy niezwyk\u0142\u0105 przyjemno\u015b\u0107 \u015bwi\u0119towa\u0107 Dzie\u0144 Pizzy w spos\u00f3b zupe\u0142nie wyj\u0105tkowy! Zamiast tradycyjnych lekcji, uczniowie wyruszyli w podr\u00f3\u017c po \u015bwiecie pizzy poprzez seri\u0119 stacji zadaniowych, kt\u00f3re sprawi\u0142y, \u017ce nauka angielskiego sta\u0142a si\u0119 smakowit\u0105 przygod\u0105. &#8222;Pizza day&#8221; to nie tylko dobra okazja do degustacji tego specja\u0142u, ale tak\u017ce do zabaw i nauki. Dzieci mia\u0142y okazj\u0119 poszerzy\u0107 s\u0142ownictwo zwi\u0105zane z pizz\u0105, ucz\u0105c si\u0119 nazw sk\u0142adnik\u00f3w i czynno\u015bci kuchennych zwi\u0105zanych z jej przygotowaniem. Uwie\u0144czeniem tematyki by\u0142o oczywi\u015bcie wsp\u00f3lne przygotowanie pizzy. Yummy!<\/p>\n\n\n\n<p><strong>\uf0d8 walentynki<\/strong><br>Walentynki w szkole to doskona\u0142a okazja, by doda\u0107 lekcjom i przerwom nieco kreatywno\u015bci, emocji i zabawy. Cho\u0107 \u015bwi\u0119to to kojarzy si\u0119 g\u0142\u00f3wnie z romantycznymi wyznaniami, mo\u017cna je wykorzysta\u0107 jako pretekst do anga\u017cuj\u0105cych zaj\u0119\u0107, kt\u00f3re wzbogac\u0105 s\u0142ownictwo, pobudz\u0105 wyobra\u017ani\u0119 uczni\u00f3w i zwi\u0119ksz\u0105 ich motywacj\u0119 do nauki. Starsi uczniowie mogli wykaza\u0107 si\u0119 swoj\u0105 walentynkow\u0105 wiedz\u0105 w quizie oraz kalamburach natomiast m\u0142odsi swoimi tanecznymi umiej\u0119tno\u015bciami podczas wsp\u00f3lnej zabawy. Zdj\u0119cia wykonane na specjalnej \u015bciance b\u0119d\u0105 pami\u0105tk\u0105 przypominaj\u0105c\u0105 szkolne przyja\u017anie jeszcze przez d\u0142ugi czas. S\u0142odki bufet natomiast by\u0142 ciekawym przerywnikiem dla ka\u017cdego. Wr\u00f3cili\u015bmy do domu z pami\u0105tkowymi tatua\u017cami oraz kartkami walentynkowymi wr\u0119czanymi przez naszego kupidyna.<br><br><strong>\uf0d8 Zapraszamy do kina w przedszkolu<\/strong><br>W oddziale w NWU zorganizowali\u015bmy w przedszkolu minikino. Przed projekcj\u0105 bajki dzieci pozna\u0142y zasady poprawnego zachowania podczas ogl\u0105dania seansu. Nast\u0119pnie ka\u017cdy otrzyma\u0142 bilet i popcorn, kt\u00f3ry musia\u0142 zakupi\u0107 przez przybicie pi\u0105tki. Najfajniejszym zadaniem okaza\u0142o si\u0119 odnalezienie swojego miejsca, kt\u00f3re by\u0142o oznaczone na bilecie: cyferk\u0105 i literk\u0105. Dzieci poczu\u0142y si\u0119 jak w prawdziwym kinie. Wszyscy byli bardzo zachwyceni przygotowan\u0105 niespodziank\u0105.<br><br><strong>\uf0d8 MDJO 2025<\/strong><br>Mi\u0119dzynarodowy Dzie\u0144 J\u0119zyka Ojczystego to dobry moment, aby przypomnie\u0107, jak wa\u017cnym dziedzictwem narodowym jest nasz j\u0119zyk polski. To r\u00f3wnie\u017c idealna okazja do tego, aby sprawdzi\u0107, na ile poprawnie potrafimy si\u0119 nim pos\u0142ugiwa\u0107. St\u0105d pomys\u0142 na lekcj\u0119 dla klas 5-8 z wykorzystaniem gry Kahoot pt. &#8222;Potyczki z polszczyzn\u0105&#8221;, przygotowanej przez zesp\u00f3\u0142 zielonog\u00f3rskiego oddzia\u0142u Towarzystwa Mi\u0142o\u015bnik\u00f3w J\u0119zyka Polskiego. Na dat\u0119 obchod\u00f3w Dnia J\u0119zyka Ojczystego wybrany zosta\u0142 21 lutego, upami\u0119tniaj\u0105cy wydarzenia z 1952 r., kiedy to w Dhace dosz\u0142o do demonstracji, a nast\u0119pnie zamordowania pi\u0119ciu student\u00f3w, domagaj\u0105cych si\u0119 uznania ich j\u0119zyka ojczystego \u2013 bengalskiego \u2013 za jeden z dw\u00f3ch urz\u0119dowych j\u0119zyk\u00f3w \u00f3wczesnego pa\u0144stwa Pakistan. Doceniaj\u0105c pi\u0119kno literatury, jak i zawi\u0142e meandry polskiej gramatyki, rywalizowali\u015bmy w 3 konkurencjach &#8211; grze online, w &#8222;j\u0119zykowych dylematach&#8221; oraz we &#8222;frazeologizmach z g\u0142ow\u0105&#8221;. W Kahoocie najlepszymi byli: 1msc. Nadia Pa\u0144czak, 2msc. Kalina Lipi\u0144ska, 3msc. Karol Pe\u0142echaty. &#8222;J\u0119zykowe dylematy&#8221; najszybciej i najlepiej rozwi\u0105zali (ex aequo po 21pkt.) Kalina oraz Karol, za\u015b najwi\u0119ksz\u0105 znajomo\u015bci\u0105 frazeologii wykaza\u0142a si\u0119 Nadia. Brawa dla zwyci\u0119zc\u00f3w!<br><br><strong>\uf0d8 Dzie\u0144 Kobietek i Kobiet<\/strong><br>Dzie\u0144 Kobiet to wyj\u0105tkowy dzie\u0144, wa\u017cny dla wszystkich kobiet, zar\u00f3wno tych du\u017cych, jak i ma\u0142ych. 7 marca odby\u0142a si\u0119 uroczysto\u015b\u0107 z tej okazji w oddziale przedszkolnym w Nowej Wsi Ujskiej. Radosna atmosfera panowa\u0142a ju\u017c od samego rana. W tym szczeg\u00f3lnym dniu wszystkie kobietki otrzyma\u0142y najlepsze \u017cyczenia i upominki. Ch\u0142opcy tradycyjnie za\u015bpiewali swoim kole\u017cankom uroczyste \u201e100 lat\u201d. Ze szczeg\u00f3lnym zaanga\u017cowaniem starali si\u0119, aby ten dzie\u0144 uczyni\u0107 wyj\u0105tkowo mi\u0142ym. Wiele rado\u015bci sprawi\u0142y dzieciom przygotowane z tej okazji przepyszne gofry, kt\u00f3re samodzielnie dekorowa\u0142y. U\u015bmiechni\u0119te buzie przedszkolak\u00f3w, a zw\u0142aszcza dziewczynek \u015bwiadczy\u0142y o mi\u0142o sp\u0119dzonym czasie. Nie zabrak\u0142o te\u017c serdeczno\u015bci dla kobiet w oddziale w Miros\u0142awiu. Tu, podczas apelu, pad\u0142o wiele mi\u0142ych s\u0142\u00f3w, by\u0142y kwiaty, prezenty u\u015bmiechy i pami\u0119\u0107\u2026 Natomiast klasy 4-8 wraz z wychowawcami uda\u0142y si\u0119 w poniedzia\u0142ek ( 10.03 ) na wyjazd do kr\u0119gielni. Dwie godziny wsp\u00f3lnej gry dostarczy\u0142y wielu emocji, oczywi\u015bcie tylko tych pozytywnych. Dla wielu by\u0142a to pierwsza okazja do udzia\u0142u w tego typu aktywno\u015bci i osi\u0105gn\u0119li oni znakomite wyniki. Przerywnikiem w rozgrywkach by\u0142a wsp\u00f3lna pizza, kt\u00f3ra doda\u0142a si\u0142 na drug\u0105 tur\u0119 gry. Pami\u0119tali\u015bmy tak\u017ce o naszych m\u0119\u017cczyznach, kt\u00f3rzy obchodzili swoje \u015bwi\u0119to i podczas kr\u00f3tkiego apelu przygotowanego przez SU opr\u00f3cz drobnych upomink\u00f3w dla pa\u0144 by\u0142 tak\u017ce s\u0142odki akcent dla pan\u00f3w.<br><br><strong>\uf0d8 Rekolekcje wielkopostne<\/strong><br>Dnia 14 marca odby\u0142y si\u0119 w naszej szkole rekolekcje. Podczas tego spotkania, kt\u00f3re poprowadzi\u0142 ks. Wojciech Orzechowski, dzieci poznawa\u0142y prawdy, jak kocha\u0107 Boga, drugiego cz\u0142owieka i siebie samego. Nie zabrak\u0142o wsp\u00f3lnego \u015bpiewania, dialogu i<br>przypomnienia, \u017ce czas Wielkiego Postu jest przygotowaniem do \u015bwi\u0105t wielkanocnych. Te wsp\u00f3lne refleksje sta\u0142y si\u0119 okazj\u0105, by \u017cyczy\u0107 radosnego ich prze\u017cywania.<br><br><strong>\uf0d8 \u017byczenia \u015bwi\u0105teczne<\/strong><br>Z okazji \u015awi\u0105t Wielkiej Nocy sk\u0142adamy \u017cyczenia zdrowia i wielu chwil sp\u0119dzonych w rodzinnej atmosferze. \u017byczymy, by by\u0142 to czas wzajemnej \u017cyczliwo\u015bci, spokoju i rado\u015bci. Niech \u015bwi\u0105teczne dni przynios\u0105 energi\u0119 i motywacj\u0119 do realizowania osobistych marze\u0144 i plan\u00f3w, niech nape\u0142ni\u0105 pokojem i ufno\u015bci\u0105 na szcz\u0119\u015bliw\u0105 przysz\u0142o\u015b\u0107. Wszelkiego dobra na ka\u017cdy dzie\u0144\u2026<\/p>\n\n\n\n<figure class=\"wp-block-gallery has-nested-images columns-default is-cropped wp-block-gallery-1 is-layout-flex wp-block-gallery-is-layout-flex\">\n<figure class=\"wp-block-image size-large\"><img loading=\"lazy\" decoding=\"async\" width=\"1280\" height=\"960\" data-id=\"11313\" src=\"https:\/\/spnwu.pl\/wp-content\/uploads\/2025\/03\/bal-w-przedszkolu.jpg\" alt=\"\" class=\"wp-image-11313\" srcset=\"https:\/\/spnwu.pl\/wp-content\/uploads\/2025\/03\/bal-w-przedszkolu.jpg 1280w, https:\/\/spnwu.pl\/wp-content\/uploads\/2025\/03\/bal-w-przedszkolu-300x225.jpg 300w, https:\/\/spnwu.pl\/wp-content\/uploads\/2025\/03\/bal-w-przedszkolu-768x576.jpg 768w, https:\/\/spnwu.pl\/wp-content\/uploads\/2025\/03\/bal-w-przedszkolu-267x200.jpg 267w\" sizes=\"auto, (max-width: 1280px) 100vw, 1280px\" \/><\/figure>\n\n\n\n<figure class=\"wp-block-image size-large\"><img loading=\"lazy\" decoding=\"async\" width=\"1280\" height=\"960\" data-id=\"11312\" src=\"https:\/\/spnwu.pl\/wp-content\/uploads\/2025\/03\/Dzien-Babci-i-Dziadka-Miroslaw.jpg\" alt=\"\" class=\"wp-image-11312\" srcset=\"https:\/\/spnwu.pl\/wp-content\/uploads\/2025\/03\/Dzien-Babci-i-Dziadka-Miroslaw.jpg 1280w, https:\/\/spnwu.pl\/wp-content\/uploads\/2025\/03\/Dzien-Babci-i-Dziadka-Miroslaw-300x225.jpg 300w, https:\/\/spnwu.pl\/wp-content\/uploads\/2025\/03\/Dzien-Babci-i-Dziadka-Miroslaw-768x576.jpg 768w, https:\/\/spnwu.pl\/wp-content\/uploads\/2025\/03\/Dzien-Babci-i-Dziadka-Miroslaw-267x200.jpg 267w\" sizes=\"auto, (max-width: 1280px) 100vw, 1280px\" \/><\/figure>\n\n\n\n<figure class=\"wp-block-image size-large\"><img loading=\"lazy\" decoding=\"async\" width=\"1236\" height=\"1024\" data-id=\"11314\" src=\"https:\/\/spnwu.pl\/wp-content\/uploads\/2025\/03\/Dzien-Babci-i-Dziadka-NWU.jpg\" alt=\"\" class=\"wp-image-11314\" srcset=\"https:\/\/spnwu.pl\/wp-content\/uploads\/2025\/03\/Dzien-Babci-i-Dziadka-NWU.jpg 1236w, https:\/\/spnwu.pl\/wp-content\/uploads\/2025\/03\/Dzien-Babci-i-Dziadka-NWU-300x249.jpg 300w, https:\/\/spnwu.pl\/wp-content\/uploads\/2025\/03\/Dzien-Babci-i-Dziadka-NWU-768x636.jpg 768w, https:\/\/spnwu.pl\/wp-content\/uploads\/2025\/03\/Dzien-Babci-i-Dziadka-NWU-241x200.jpg 241w\" sizes=\"auto, (max-width: 1236px) 100vw, 1236px\" \/><\/figure>\n\n\n\n<figure class=\"wp-block-image size-large\"><img loading=\"lazy\" decoding=\"async\" width=\"1280\" height=\"960\" data-id=\"11311\" src=\"https:\/\/spnwu.pl\/wp-content\/uploads\/2025\/03\/walentynki-2.jpg\" alt=\"\" class=\"wp-image-11311\" srcset=\"https:\/\/spnwu.pl\/wp-content\/uploads\/2025\/03\/walentynki-2.jpg 1280w, https:\/\/spnwu.pl\/wp-content\/uploads\/2025\/03\/walentynki-2-300x225.jpg 300w, https:\/\/spnwu.pl\/wp-content\/uploads\/2025\/03\/walentynki-2-768x576.jpg 768w, https:\/\/spnwu.pl\/wp-content\/uploads\/2025\/03\/walentynki-2-267x200.jpg 267w\" sizes=\"auto, (max-width: 1280px) 100vw, 1280px\" \/><\/figure>\n\n\n\n<figure class=\"wp-block-image size-large\"><img loading=\"lazy\" decoding=\"async\" width=\"1280\" height=\"720\" data-id=\"11310\" src=\"https:\/\/spnwu.pl\/wp-content\/uploads\/2025\/03\/walentynki.jpg\" alt=\"\" class=\"wp-image-11310\" srcset=\"https:\/\/spnwu.pl\/wp-content\/uploads\/2025\/03\/walentynki.jpg 1280w, https:\/\/spnwu.pl\/wp-content\/uploads\/2025\/03\/walentynki-300x169.jpg 300w, https:\/\/spnwu.pl\/wp-content\/uploads\/2025\/03\/walentynki-768x432.jpg 768w, https:\/\/spnwu.pl\/wp-content\/uploads\/2025\/03\/walentynki-356x200.jpg 356w, https:\/\/spnwu.pl\/wp-content\/uploads\/2025\/03\/walentynki-437x245.jpg 437w\" sizes=\"auto, (max-width: 1280px) 100vw, 1280px\" \/><\/figure>\n<\/figure>\n\n\n","protected":false},"excerpt":{"rendered":"<p>\uf0d8 Pasowanie na czytelnika uczni\u00f3w klasy ITo by\u0142 wa\u017cny dzie\u0144 dla uczni\u00f3w klasy pierwszej! Odwiedzili bowiem razem z wychowawczyni\u0105 \u2013 p. El\u0105 &#8211; szkoln\u0105 bibliotek\u0119. Poznali zasady wypo\u017cyczania i regulamin &hellip;<\/p>\n","protected":false},"author":1,"featured_media":11311,"comment_status":"closed","ping_status":"closed","sticky":false,"template":"","format":"standard","meta":{"_themeisle_gutenberg_block_has_review":false,"footnotes":""},"categories":[50,9],"tags":[],"class_list":["post-11307","post","type-post","status-publish","format-standard","has-post-thumbnail","hentry","category-kronika-2024-2024","category-2014-2015"],"_links":{"self":[{"href":"https:\/\/spnwu.pl\/index.php\/wp-json\/wp\/v2\/posts\/11307","targetHints":{"allow":["GET"]}}],"collection":[{"href":"https:\/\/spnwu.pl\/index.php\/wp-json\/wp\/v2\/posts"}],"about":[{"href":"https:\/\/spnwu.pl\/index.php\/wp-json\/wp\/v2\/types\/post"}],"author":[{"embeddable":true,"href":"https:\/\/spnwu.pl\/index.php\/wp-json\/wp\/v2\/users\/1"}],"replies":[{"embeddable":true,"href":"https:\/\/spnwu.pl\/index.php\/wp-json\/wp\/v2\/comments?post=11307"}],"version-history":[{"count":5,"href":"https:\/\/spnwu.pl\/index.php\/wp-json\/wp\/v2\/posts\/11307\/revisions"}],"predecessor-version":[{"id":11392,"href":"https:\/\/spnwu.pl\/index.php\/wp-json\/wp\/v2\/posts\/11307\/revisions\/11392"}],"wp:featuredmedia":[{"embeddable":true,"href":"https:\/\/spnwu.pl\/index.php\/wp-json\/wp\/v2\/media\/11311"}],"wp:attachment":[{"href":"https:\/\/spnwu.pl\/index.php\/wp-json\/wp\/v2\/media?parent=11307"}],"wp:term":[{"taxonomy":"category","embeddable":true,"href":"https:\/\/spnwu.pl\/index.php\/wp-json\/wp\/v2\/categories?post=11307"},{"taxonomy":"post_tag","embeddable":true,"href":"https:\/\/spnwu.pl\/index.php\/wp-json\/wp\/v2\/tags?post=11307"}],"curies":[{"name":"wp","href":"https:\/\/api.w.org\/{rel}","templated":true}]}}