{"id":11156,"date":"2024-12-03T11:32:22","date_gmt":"2024-12-03T10:32:22","guid":{"rendered":"https:\/\/spnwu.pl\/?p=11156"},"modified":"2025-09-02T13:04:05","modified_gmt":"2025-09-02T12:04:05","slug":"wiesci-ze-szkoly-x-xi-2024","status":"publish","type":"post","link":"https:\/\/spnwu.pl\/index.php\/2024\/12\/03\/wiesci-ze-szkoly-x-xi-2024\/kronika\/kronika-2024-2024\/","title":{"rendered":"WIE\u015aCI ZE SZKO\u0141Y \u2013 X\/XI 2024"},"content":{"rendered":"\n<figure class=\"wp-block-gallery has-nested-images columns-4 is-cropped wp-block-gallery-1 is-layout-flex wp-block-gallery-is-layout-flex\">\n<figure class=\"wp-block-image size-large\"><img loading=\"lazy\" decoding=\"async\" width=\"1280\" height=\"960\" data-id=\"11161\" src=\"https:\/\/spnwu.pl\/wp-content\/uploads\/2024\/12\/dzien_superbohatera_2024.jpg\" alt=\"\" class=\"wp-image-11161\" srcset=\"https:\/\/spnwu.pl\/wp-content\/uploads\/2024\/12\/dzien_superbohatera_2024.jpg 1280w, https:\/\/spnwu.pl\/wp-content\/uploads\/2024\/12\/dzien_superbohatera_2024-300x225.jpg 300w, https:\/\/spnwu.pl\/wp-content\/uploads\/2024\/12\/dzien_superbohatera_2024-768x576.jpg 768w, https:\/\/spnwu.pl\/wp-content\/uploads\/2024\/12\/dzien_superbohatera_2024-267x200.jpg 267w\" sizes=\"auto, (max-width: 1280px) 100vw, 1280px\" \/><\/figure>\n\n\n\n<figure class=\"wp-block-image size-large\"><img loading=\"lazy\" decoding=\"async\" width=\"2000\" height=\"1500\" data-id=\"11158\" src=\"https:\/\/spnwu.pl\/wp-content\/uploads\/2024\/12\/pasowania_na_przedszkolaka_miroslaw-2024.jpg\" alt=\"\" class=\"wp-image-11158\" srcset=\"https:\/\/spnwu.pl\/wp-content\/uploads\/2024\/12\/pasowania_na_przedszkolaka_miroslaw-2024.jpg 2000w, https:\/\/spnwu.pl\/wp-content\/uploads\/2024\/12\/pasowania_na_przedszkolaka_miroslaw-2024-300x225.jpg 300w, https:\/\/spnwu.pl\/wp-content\/uploads\/2024\/12\/pasowania_na_przedszkolaka_miroslaw-2024-768x576.jpg 768w, https:\/\/spnwu.pl\/wp-content\/uploads\/2024\/12\/pasowania_na_przedszkolaka_miroslaw-2024-1536x1152.jpg 1536w, https:\/\/spnwu.pl\/wp-content\/uploads\/2024\/12\/pasowania_na_przedszkolaka_miroslaw-2024-267x200.jpg 267w\" sizes=\"auto, (max-width: 2000px) 100vw, 2000px\" \/><\/figure>\n\n\n\n<figure class=\"wp-block-image size-large\"><img loading=\"lazy\" decoding=\"async\" width=\"934\" height=\"1280\" data-id=\"11160\" src=\"https:\/\/spnwu.pl\/wp-content\/uploads\/2024\/12\/powiatowy_konkurs_czytania_prozy_pila_pelechat_karol_2024.jpg\" alt=\"\" class=\"wp-image-11160\" srcset=\"https:\/\/spnwu.pl\/wp-content\/uploads\/2024\/12\/powiatowy_konkurs_czytania_prozy_pila_pelechat_karol_2024.jpg 934w, https:\/\/spnwu.pl\/wp-content\/uploads\/2024\/12\/powiatowy_konkurs_czytania_prozy_pila_pelechat_karol_2024-219x300.jpg 219w, https:\/\/spnwu.pl\/wp-content\/uploads\/2024\/12\/powiatowy_konkurs_czytania_prozy_pila_pelechat_karol_2024-768x1053.jpg 768w, https:\/\/spnwu.pl\/wp-content\/uploads\/2024\/12\/powiatowy_konkurs_czytania_prozy_pila_pelechat_karol_2024-146x200.jpg 146w\" sizes=\"auto, (max-width: 934px) 100vw, 934px\" \/><\/figure>\n\n\n\n<figure class=\"wp-block-image size-large\"><img loading=\"lazy\" decoding=\"async\" width=\"960\" height=\"706\" data-id=\"11159\" src=\"https:\/\/spnwu.pl\/wp-content\/uploads\/2024\/12\/swieto_niepodleglosci_2024.jpg\" alt=\"\" class=\"wp-image-11159\" srcset=\"https:\/\/spnwu.pl\/wp-content\/uploads\/2024\/12\/swieto_niepodleglosci_2024.jpg 960w, https:\/\/spnwu.pl\/wp-content\/uploads\/2024\/12\/swieto_niepodleglosci_2024-300x221.jpg 300w, https:\/\/spnwu.pl\/wp-content\/uploads\/2024\/12\/swieto_niepodleglosci_2024-768x565.jpg 768w, https:\/\/spnwu.pl\/wp-content\/uploads\/2024\/12\/swieto_niepodleglosci_2024-272x200.jpg 272w\" sizes=\"auto, (max-width: 960px) 100vw, 960px\" \/><\/figure>\n<\/figure>\n\n\n\n<hr class=\"wp-block-separator has-alpha-channel-opacity\"\/>\n\n\n\n<ul>\n<li>\n<p><span style=\"font-family: Calibri, sans-serif;\"><span style=\"font-size: small;\"><span style=\"font-family: Times New Roman, serif;\"><span style=\"font-size: medium;\"><i><b>Dzie\u0144 Edukacji Narodowej<br \/><br \/><\/b><\/i><\/span><\/span><\/span><\/span><span style=\"font-family: 'Times New Roman', serif; font-size: revert; text-indent: 0em;\">11 pa\u017adziernika 2024r. by\u0142 niezwykle uroczysty, poniewa\u017c \u015bwi\u0119towali\u015bmy podw\u00f3jnie: pasowanie na ucznia klasy I i Dzie\u0144 Edukacji Narodowej, \u015bwi\u0119to ca\u0142ej spo\u0142eczno\u015bci szkolnej.<\/span><\/p>\n<\/li>\n<\/ul>\n<p align=\"justify\"><span style=\"font-family: 'Times New Roman', serif; font-size: revert; text-indent: 0em;\">Mi\u0142o nam by\u0142o go\u015bci\u0107 Pana Tomasza Ciechanowskiego, zast\u0119pc\u0119 Burmistrz Uj\u015bcia, radnych Miasta Uj\u015bcia, panie so\u0142tys: Nowej Wsi Ujskiej i Miros\u0142awa, przewodnicz\u0105c\u0105 Rady Rodzic\u00f3w, a tak\u017ce licznie przyby\u0142ych rodzic\u00f3w. <\/span><span style=\"font-family: Times New Roman, serif;\">Cz\u0119\u015b\u0107 oficjalna po\u015bwi\u0119cona by\u0142a uczniom klasy I, kt\u00f3rzy przepi\u0119knie recytowali, ta\u0144czyli i \u015bpiewali a wszystko po to, by sta\u0107 si\u0119 pe\u0142noprawnymi uczniami. <\/span><span style=\"font-family: Times New Roman, serif;\">By\u0142 tradycyjny, wielki o\u0142\u00f3wek, birety, a tak\u017ce uroczyste \u015blubowanie pierwszoklasist\u00f3w.<br \/><\/span><span style=\"font-family: Times New Roman, serif;\">Dyrektor szko\u0142y, Pan Mariusz Kami\u0144ski, dokona\u0142 symbolicznego aktu pasowania i \u017cyczy\u0142 wszystkim uczniom klasy I rado\u015bci ze zdobywania wiedzy i nowych umiej\u0119tno\u015bci. Nie zabrak\u0142o te\u017c statuetek, dyplom\u00f3w i upomink\u00f3w od w\u0142adz lokalnych i starszych koleg\u00f3w.<\/span><\/p>\n<p align=\"justify\"><span style=\"font-family: Times New Roman, serif;\">Druga cz\u0119\u015b\u0107 apelu w humorystyczny spos\u00f3b nawi\u0105za\u0142a do tego jak szko\u0142a zmienia\u0142a si\u0119 na przestrzeni wiek\u00f3w i jak mo\u017ce wygl\u0105da\u0107 nowoczesny nauczyciel, uczniowie klasy 5 i 6, przygotowali pokaz mody, kt\u00f3ry wywo\u0142a\u0142 u\u015bmiech na naszych twarzach i by\u0107 mo\u017ce stanie si\u0119 inspiracj\u0105 dla naszych pedagog\u00f3w.<br \/><\/span><span style=\"font-family: 'Times New Roman', serif; font-size: revert; text-indent: 0em;\">Nie zabrak\u0142o tak\u017ce \u017cycze\u0144 i podzi\u0119kowa\u0144 od uczni\u00f3w, dyrektora szko\u0142y i w\u0142adz lokalnych skierowanych do wszystkich pracownik\u00f3w szko\u0142y z okazji zbli\u017caj\u0105cego si\u0119 Dnia Edukacji Narodowej.<br \/><\/span><span style=\"font-family: Times New Roman, serif;\">Przepi\u0119kne upominki dla pracownik\u00f3w szko\u0142y przygotowa\u0142 tak\u017ce Samorz\u0105d Uczniowski, dzi\u0119kujemy!<br \/><\/span><span style=\"font-family: Times New Roman, serif;\">Niech nam wszystkim przy\u015bwieca has\u0142o przewodnie apelu: ,,Wykszta\u0142cenie to dobro, kt\u00f3rego nikt nam nie zabierze&#8221;, nale\u017cy o tym pami\u0119ta\u0107 i docenia\u0107 w jak\u017ce trudnych czasach i zmieniaj\u0105cej si\u0119 rzeczywisto\u015bci.<\/span><\/p>\n<p align=\"justify\"><span style=\"font-family: Times New Roman, serif;\">Z okazji Dnia Edukacji Narodowej w sali sesyjnej Urz\u0119du Miasta Burmistrz Uj\u015bcia Pani Ma\u0142gorzata Cichost\u0119pska wr\u0119czy\u0142a w dniu 16.10. Nagrody Gminy Uj\u015bcie za rok szkolny 2023\/24. W naszej szkole wyr\u00f3\u017cnionymi zostali: Pan Dyrektor Mariusz Kami\u0144ski, Pani Ma\u0142gorzata Walerowska, Pani El\u017cbieta Pranke oraz Pan Janusz Gregorczyk. Nasze serdeczne gratulacje !<br \/><br \/><\/span><\/p>\n<ul>\n<li>\n<p align=\"justify\"><i><b>Turniej Le\u015bny w Sarbi<\/b><\/i><\/p>\n<\/li>\n<\/ul>\n<p align=\"justify\"><span style=\"font-family: Times New Roman, serif;\">Dnia 10 pa\u017adziernika w Nadle\u015bnictwie Sarbia odby\u0142 si\u0119 XXV Turniej Le\u015bny, w kt\u00f3rym wzi\u0119li udzia\u0142 uczniowie z naszej szko\u0142y. W kategorii I wiekowej reprezentowa\u0142a nas klasa trzecia:Kornelia Szlachciak, Nikodem F\u0105ferek, Hubert Kisielewski i Oskar Rokita. W kategorii II wiekowej &#8211; Marysia Sawi\u0144ska, Martyna Niemczy\u0144ska, Maja Chmiela, Zosia Skibi\u0144ska. Uczniowie z wielkim zaanga\u017cowaniem wykonywali nie\u0142atwe zadania m.in.: rozpoznawanie gatunk\u00f3w drzew na podstawie li\u015bci, uk\u0142adanie puzzli na czas, pokonanie toru przeszk\u00f3d zako\u0144czone rzutem do celu. Grupa starsza rozpoznawa\u0142a p\u0119dy, owoce i krzewy le\u015bne, poro\u017ca i tropy zwierz\u0105t. Po wykonaniu wszystkich zada\u0144 na uczestnik\u00f3w czeka\u0142 pyszny pocz\u0119stunek. W tym turnieju grupa I zdoby\u0142a IV miejsce. Wielkie gratulacje dla wszystkich uczestnik\u00f3w i do zobaczenia za rok! Darz B\u00f3r!<br \/><br \/><\/span><\/p>\n<ul>\n<li>\n<p align=\"justify\"><span style=\"font-family: Times New Roman, serif;\"><i><b>Pasowanie przedszkolak\u00f3w<\/b><\/i><\/span><\/p>\n<\/li>\n<\/ul>\n<p align=\"justify\"><span style=\"font-family: Times New Roman, serif;\">11 pa\u017adziernika w przedszkolu w Miros\u0142awiu odby\u0142a si\u0119 uroczysto\u015b\u0107 pasowania na przedszkolaka. Najm\u0142odsze dzieci zaprezentowa\u0142y si\u0119 w ta\u0144cu i piosence. Pomaga\u0142y i wspiera\u0142y ich starszaki. Pan dyrektor czarodziejsk\u0105 r\u00f3\u017cd\u017ck\u0105 przeni\u00f3s\u0142 ich w stan pracowitego przedszkolaka. Dzieci dosta\u0142y upominki przygotowane przez rodzic\u00f3w. Uroczysto\u015b\u0107 min\u0119\u0142a w weso\u0142ej i przyjaznej atmosferze.<br \/><br \/><\/span><\/p>\n<ul>\n<li>\n<p align=\"justify\"><span style=\"font-family: Times New Roman, serif;\"><i><b>Teatralne spotkanie kl. 1-4<\/b><\/i><\/span><\/p>\n<\/li>\n<\/ul>\n<p align=\"justify\"><span style=\"font-family: Times New Roman, serif;\">Przyja\u017a\u0144, dobro i pi\u0119kno towarzyszy\u0142o naszym bohaterom w podr\u00f3\u017cy i w spotkaniach z innymi lud\u017ami. Te warto\u015bci mogli ujrze\u0107 nasi uczniowie z klas 1-4 podczas przedstawienia pt. \u201dJak palce jednej r\u0119ki\u201d w Chodzieskim Domu Kultury. Ciekawa scenografia i muzyka oraz gra aktor\u00f3w bardzo podoba\u0142a si\u0119 naszym uczniom<\/span>!<br \/><br \/><\/p>\n<ul>\n<li>\n<p align=\"justify\"><span style=\"font-family: Times New Roman, serif;\"><i><b>Warsztaty uczni\u00f3w z dietetykiem<\/b><\/i><\/span><\/p>\n<\/li>\n<\/ul>\n<p align=\"justify\"><span style=\"font-family: Times New Roman, serif;\">21 pa\u017adziernika w ramach zaj\u0119\u0107 z wychowawc\u0105 odby\u0142y si\u0119 w naszej szkole warsztaty z dietetykiem. <\/span><span style=\"font-family: Times New Roman, serif;\">Zaj\u0119cia prowadzi\u0142a dietetyk kliniczny, mgr Patrycja Sankowska, posiadaj\u0105ca 11-letnie do\u015bwiadczenie w pracy z pacjentami indywidualnymi oraz podczas zaj\u0119\u0107 grupowych. Na co dzie\u0144 Pani Patrycja prowadzi BALANS Centrum Dietetyki Klinicznej Zdrowia i Urody w Wa\u0142czu i Pile. Wsp\u00f3\u0142pracuje z licznymi stowarzyszeniami i prowadzi projekty m.in. w szko\u0142ach i klubach senior\u00f3w.<br \/><\/span><span style=\"font-family: Times New Roman, serif;\">Dzi\u0119ki takim zaj\u0119ciom staramy si\u0119 rozwija\u0107 \u015bwiadomo\u015b\u0107 na temat zdrowego od\u017cywiania od najm\u0142odszych lat, zach\u0119ca\u0107 dzieci do spo\u017cywania wi\u0119kszej ilo\u015bci owoc\u00f3w i warzyw, kszta\u0142towa\u0107 pozytywne nawyki \u017cywieniowe, kt\u00f3re mog\u0105 przynosi\u0107 korzy\u015bci przez ca\u0142e \u017cycie.\u00a0 <\/span><span style=\"font-family: Times New Roman, serif;\">Ka\u017cdy ucze\u0144 opr\u00f3cz kubeczka pysznego koktajlu otrzyma\u0142 dyplom uko\u0144czenia warsztat\u00f3w, kt\u00f3ry ma przypomina\u0107 o zasadach zdrowego od\u017cywiania.<br \/><br \/><\/span><\/p>\n<ul>\n<li>\n<p align=\"justify\"><span style=\"font-family: Times New Roman, serif;\"><i><b>Tydzie\u0144 Uczniowskiej Supermocy<\/b><\/i><\/span><\/p>\n<\/li>\n<\/ul>\n<p align=\"justify\"><span style=\"font-family: Times New Roman, serif;\">Jak napisa\u0142a Regina Brett &#8222;Ka\u017cdy ma jak\u0105\u015b supermoc. Wszyscy przyszli\u015bmy na \u015bwiat z umiej\u0119tno\u015bciami, kt\u00f3re nas wyr\u00f3\u017cniaj\u0105. Ka\u017cdy ma te\u017c sw\u00f3j kryptonit, co\u015b, co go ogranicza, pozbawia ca\u0142ej si\u0142y, obezw\u0142adnia w mgnieniu oka. Zwykle nasze najmocniejsze strony i najwi\u0119ksze s\u0142abo\u015bci to dwie strony jednego medalu&#8221;.<br \/><\/span><span style=\"font-family: Times New Roman, serif;\">Po tygodniu r\u00f3\u017cnego rodzaju warsztat\u00f3w i zada\u0144 pozbyli\u015bmy si\u0119 cz\u0119\u015bci swoich ogranicze\u0144. Wiemy, \u017ce nie ma rzeczy niemo\u017cliwych. Trzeba tylko chcie\u0107. Fina\u0142em naszego szkolnego projektu by\u0142o rozstrzygni\u0119cie zada\u0144 &#8222;List do siebie&#8221; oraz &#8222;Ksi\u0105\u017cka ma moc&#8221;. Cieszymy si\u0119, \u017ce nasi uczniowie potrafi\u0105 by\u0107 tak kreatywni i refleksyjni, jak zaanga\u017cowali si\u0119 w te zadania. Wszyscy byli\u015bcie SUPER! Tym razem nagrodzili\u015bmy jednak w wyj\u0105tkowy spos\u00f3b Nadi\u0119, Kalin\u0119, Zuzi\u0119, Martyn\u0119, Zuzi\u0119, Marysi\u0119, Karola, Maj\u0119 i Ksawerego. Ich prace zas\u0142u\u017cy\u0142y na wyr\u00f3\u017cnienie. &#8222;Wystrza\u0142owy&#8221; fina\u0142 to wsp\u00f3lne zdj\u0119cie na schodach, kt\u00f3re ka\u017cdego dnia pokonujemy, aby zdobywa\u0107 now\u0105 wiedz\u0119 i umiej\u0119tno\u015bci, to nasza droga do przysz\u0142o\u015bci. Na koniec najodwa\u017cniejsi wspi\u0119li si\u0119 na ostatni\u0105 &#8222;drabin\u0119 odwagi&#8221;, a wszyscy uczniowie otrzymali specjalne amulety z napisem &#8222;WIDZ\u0118 TWOJ\u0104 SUPERMOC&#8221;. <\/span><span style=\"font-family: Times New Roman, serif;\">6. Tydzie\u0144 Uczniowskiej Supermocy uwa\u017camy za zaliczony na medal!<br \/><br \/><\/span><\/p>\n<ul>\n<li>\n<p align=\"justify\"><a href=\"https:\/\/www.facebook.com\/hashtag\/pumpkindayfestival?__eep__=6&amp;__cft__%5B0%5D=AZXf99Az4It5RmntF5czwRJZs03kuk6ff0uREO0uiulog72yR-n3AjKHD_7JcqJW3zxXcnvTiBKD8Q4dg1Pa6R-WBAMxvA3Y6YMQP6miH24zJkigfVfKK3OvuohjTm0JodpafDnVsed9qT2L7iYYSgeajr2UgvA13CO8x_uFfMK8AiK241yIq86_WleyupaNdHg&amp;__tn__=*NK-R\"><span style=\"font-family: Times New Roman, serif;\"><i><b>Pumpkin Day Festival<\/b><\/i><\/span><\/a><\/p>\n<\/li>\n<\/ul>\n<p align=\"justify\"><span style=\"font-family: Times New Roman, serif;\">Przez kilka ostatnich dni pa\u017adziernika klasy 1-4 oraz oddzia\u0142 przedszkolny w Miros\u0142awiu realizowa\u0142y og\u00f3lnopolski projekt <\/span><a href=\"https:\/\/www.facebook.com\/hashtag\/pumpkindayfestival?__eep__=6&amp;__cft__%5B0%5D=AZXf99Az4It5RmntF5czwRJZs03kuk6ff0uREO0uiulog72yR-n3AjKHD_7JcqJW3zxXcnvTiBKD8Q4dg1Pa6R-WBAMxvA3Y6YMQP6miH24zJkigfVfKK3OvuohjTm0JodpafDnVsed9qT2L7iYYSgeajr2UgvA13CO8x_uFfMK8AiK241yIq86_WleyupaNdHg&amp;__tn__=*NK-R\"><span style=\"color: #0000ff;\"><span style=\"font-family: Times New Roman, serif;\"><u>#PumpkinDayFestival<\/u><\/span><\/span><\/a><span style=\"font-family: Times New Roman, serif;\">. Aby pozytywnie zrealizowa\u0107 projekt musieli\u015bmy sprosta\u0107 li\u015bcie wyzwa\u0144 wyznaczonych przez organizator\u00f3w. By\u0142y to mi\u0119dzy innymi zadania o nazwach: &#8222;I love pumpkins&#8221;, \u201ePumpkin greetings&#8221;, &#8222;Pumpkin test&#8221;, &#8222;Pumpkin race&#8221;, czy &#8222;Pumpkin decorations&#8221;. Dodatkowo do\u0142o\u017cyli\u015bmy r\u00f3wnie\u017c kilka dyniowych pomys\u0142\u00f3w od siebie, kt\u00f3re realizowali\u015bmy na zaj\u0119ciach j\u0119zykowych i przedszkolnych. Nasze przedszkolaki cyklicznie przygotowywa\u0142y potrawy dyniowe. Swoimi smako\u0142ykami cz\u0119stowa\u0142y te\u017c uczni\u00f3w z Miros\u0142awia. <\/span><span style=\"font-family: Times New Roman, serif;\">Najlepiej smakowa\u0142y dzieciom dyniowe babeczki oraz ciasto, ale znale\u017ali si\u0119 te\u017c ochotnicy na konfitur\u0119 oraz zup\u0119.<br \/><\/span><span style=\"font-family: 'Times New Roman', serif; font-size: revert; text-indent: 0em;\">Opr\u00f3cz cyklu kulinarnego w przedszkolu odby\u0142y te\u017c zaj\u0119cia plastyczne z dyni\u0105 w roli g\u0142\u00f3wnej. Prace zdobi\u0105 szatni\u0119 przedszkoln\u0105 oraz korytarz.<br \/><\/span><span style=\"font-family: Times New Roman, serif;\">W konkursie j\u0119zykowym najlepsza okaza\u0142a si\u0119 Julita Wiliczkiewicz z klasy 4, a w quizie dyniowym Maria Sawi\u0144ska z tej samej klasy. Rozstrzygni\u0119ty zosta\u0142 tak\u017ce konkurs plastyczny na poziomach poszczeg\u00f3lnych klas zwyci\u0119\u017cyli: Celina Borysowska i Dorian Pawlus z klasy 1, Franciszek Ptak i Franciszek Klejna z klasy 2, Liliana F\u0105ferek, Kornelia Szlachciak oraz Nikodem F\u0105ferek z klasy 3 oraz Maria Sawi\u0144ska, Micha\u0142 Niemczy\u0144ski oraz Antonina Ma\u0107kowiak z klasy 4. Nie zabrak\u0142o oczywi\u015bcie dyniowych zdj\u0119\u0107, a na koniec odby\u0142o si\u0119 tak\u017ce losowanie niespodzianek dla uczni\u00f3w klas 1-3. W podzi\u0119kowaniu za aktywny udzia\u0142 w projekcie dzieci otrzyma\u0142y odznaki oraz dyniowe lizaki.<br \/><br \/><\/span><\/p>\n<ul>\n<li>\n<p><span style=\"font-family: Times New Roman, serif;\"><i><b>Dzie\u0144 Przedszkolnej Supermocy<\/b><\/i><\/span><\/p>\n<\/li>\n<\/ul>\n<p align=\"justify\"><span style=\"font-family: Times New Roman, serif;\">31 pa\u017adziernika w oddziale przedszkolnym w Nowej Wsi Ujskiej odby\u0142 si\u0119 Dzie\u0144 Przedszkolnej Supermocy. Odkryli\u015bmy nasze pasje, zdolno\u015bci i ukryte moce, aby wci\u0105\u017c si\u0119 rozwija\u0107 i rozpoznawa\u0107 sw\u00f3j potencja\u0142. Byli supermeni, ksi\u0119\u017cniczki, kotki, myszka Mini, czarodzieje, wr\u00f3\u017cki. Odwiedzi\u0142a nas r\u00f3wnie\u017c Pani Superwoman. Poznali\u015bmy swoje mocne strony.<br \/><\/span><span style=\"font-family: 'Times New Roman', serif; font-size: revert; text-indent: 0em;\">Szanujemy i doceniamy si\u0119 wzajemnie, czujemy si\u0119 wa\u017cni, potrzebni i wyj\u0105tkowi bez wzgl\u0119du na indywidualne zdolno\u015bci i talenty. Przez ca\u0142y dzie\u0144 brali\u015bmy udzia\u0142 w zaj\u0119ciach, grach, zabawach i ta\u0144cach, podczas kt\u00f3rych poznawali\u015bmy swoje mocne strony. Zwie\u0144czeniem dnia by\u0142a oczywi\u015bcie wsp\u00f3lna biesiada, na kt\u00f3rej nie zabrak\u0142o s\u0142odko\u015bci. MAMY T\u0118 MOC!<br \/><br \/><\/span><\/p>\n<ul>\n<li>\n<p align=\"justify\"><span style=\"font-family: Times New Roman, serif;\"><i><b>BohaterOn 2024<\/b><\/i><\/span><\/p>\n<\/li>\n<\/ul>\n<p align=\"justify\"><span style=\"font-family: Times New Roman, serif;\">Nasza szko\u0142a kolejny raz wzi\u0119\u0142a udzia\u0142 w og\u00f3lnopolskiej akcji <\/span><a href=\"https:\/\/www.facebook.com\/hashtag\/bohateron?__eep__=6&amp;__cft__%5B0%5D=AZVQQmVGTwy1lIZfm8PMZbV-_odo7HDxoqNZUGlnYl-3QfoSnb1Nmwy-rY7oynhv5E5vden0y652-Eljhxoa9l4nLeX9PjSgaXUDS2y4XpET-WUfzqC1BWNfipXWlKr29vAkEMo8QlxIGKeyEep_E15Jdr9FR2sixmf2opAEvC0d2kgRD4fyhcgWqffVK98vE1k&amp;__tn__=*NK-R\"><span style=\"color: #0000ff;\"><span style=\"font-family: Times New Roman, serif;\"><u>#BohaterOn<\/u><\/span><\/span><\/a><span style=\"font-family: Times New Roman, serif;\"> x M\u0142ode G\u0142owy w Twojej szkole 2024. Kszta\u0142tujemy postawy patriotyczne i to\u017csamo\u015b\u0107 narodow\u0105. Pami\u0119tamy o powsta\u0144cach warszawskich. Jeste\u015bmy dumni z naszej pi\u0119knej Ojczyzny.<br \/><\/span><span style=\"font-family: 'Times New Roman', serif; font-size: revert; text-indent: 0em;\">Dzieci z klas 1-3 s\u0142ucha\u0142y opowiadania pt. &#8222;Niezwyk\u0142a piosenka&#8221;. Rozmawiali\u015bmy o tym, \u017ce ka\u017cdy mo\u017ce czyni\u0107 dobro. Podawali\u015bmy przyk\u0142ady w jaki spos\u00f3b mo\u017cemy by\u0107 patriotami &#8211; dobrymi Polkami i Polakami. \u015apiewali\u015bmy piosenk\u0119 u\u0142o\u017con\u0105 przez bohater\u00f3w opowiadania. Wiemy, \u017ce przyja\u017a\u0144 to skarb. &#8222;Mamy przyja\u017a\u0144. To jest skarb, to jest dar na zawsze ju\u017c. To jest cud, co daje si\u0142\u0119, po\u015br\u00f3d najr\u00f3\u017cniejszych burz&#8221;.<br \/><\/span><span style=\"font-family: Times New Roman, serif;\">Klasa 8 pozna\u0142a s\u0142uchowisko pt. \u201eBombka z Memmingen\u201d w re\u017cyserii Macieja Mydlaka powsta\u0142e z inicjatywy Instytutu Pami\u0119ci Narodowej i Polskiego Radia Olsztyn. To opowie\u015b\u0107 o pragnieniu wolno\u015bci i t\u0119sknocie za Ojczyzn\u0105, oparta na prawdziwych wydarzeniach z \u017cycia je\u0144ca Stalag VII B Memmingen Aureliusza Zenona Dembi\u0144skiego. Symbolicznym podsumowaniem zaj\u0119\u0107 by\u0142o wykonanie przez uczni\u00f3w kopii bombki. Zawieszenie jej na klasowej choince b\u0119dzie kontynuacj\u0105 tradycji, kt\u00f3r\u0105 rozpocz\u0105\u0142 Aureliusz Dembi\u0144ski. Dzi\u0119ki temu zostanie zachowana pami\u0119\u0107 o jeszcze jednym polskim Bohaterze.<br \/><br \/><\/span><\/p>\n<ul>\n<li>\n<p align=\"justify\"><span style=\"font-family: Times New Roman, serif;\"><i><b>Narodowe \u015awi\u0119to Niepodleg\u0142o\u015bci<\/b><\/i><\/span><\/p>\n<\/li>\n<\/ul>\n<p align=\"justify\"><span style=\"font-family: Times New Roman, serif;\">&#8222;Przesz\u0142o\u015b\u0107 nieustannie poprzez tera\u017aniejszo\u015b\u0107 styka si\u0119 z przysz\u0142o\u015bci\u0105&#8230;&#8221; <\/span><\/p>\n<p align=\"justify\"><span style=\"font-family: Times New Roman, serif;\">W pi\u0119knych s\u0142owach wieszcza -Adama Mickiewicza- kt\u00f3re wybrzmia\u0142y podczas uroczystego apelu z okazji zbli\u017caj\u0105cej si\u0119 106. rocznicy odzyskania przez Polsk\u0119 niepodleg\u0142o\u015bci, zosta\u0142a oddana g\u0142\u0119boka prawda. Spotkali\u015bmy si\u0119 bowiem ca\u0142\u0105 spo\u0142eczno\u015bci\u0105 Szko\u0142y Podstawowej w Nowej Wsi Ujskiej w Miros\u0142awiu, w miejscu, gdzie znajduj\u0105 si\u0119 groby Powsta\u0144c\u00f3w Wielkopolskich.<br \/><\/span><span style=\"font-family: 'Times New Roman', serif; font-size: revert; text-indent: 0em;\">Obchody rozpocz\u0119\u0142a uroczysta Msza \u015bw., po kt\u00f3rej wyg\u0142oszony zosta\u0142 Apel Poleg\u0142ych, od\u015bpiewana &#8222;Rota&#8221;, z\u0142o\u017cone wi\u0105zanki przez licznie przyby\u0142e delegacje. Nast\u0119pnie, po powitaniu go\u015bci rogalami \u015bwi\u0119tomarci\u0144skimi, zaprezentowany zosta\u0142 program artystyczny pt. &#8222;Ta, co nie zgin\u0119\u0142a&#8221;.<br \/><\/span><span style=\"font-family: Times New Roman, serif;\">Go\u015bcili\u015bmy wiceburmistrza Uj\u015bcia p. Tomasza Ciechanowskiego, radnego powiatu pilskiego p. Marka Kami\u0144skiego, przewodnicz\u0105c\u0105 Rady Miejskiej w Uj\u015bciu p. Cecyli\u0119 Witczak, ks .Bogdana Spychaja- proboszcza Uj\u015bcia, prezesa zarz\u0105du WPS w Miros\u0142awiu p. Dariusza Terleckiego, zaprzyja\u017anionych dyrektor\u00f3w szk\u00f3\u0142, plac\u00f3wek o\u015bwiatowych i instytucji, so\u0142tys NWU p. Alicj\u0119 Hajt i Miros\u0142awia &#8211; p. Ma\u0142gorzat\u0119 Ignacy, jak r\u00f3wnie\u017c przyby\u0142ych radnych miasta i gminy Uj\u015bcie, przedstawicieli OSP w NWU, Miros\u0142awiu oraz KGW obu wsi. <\/span><\/p>\n<p align=\"justify\"><span style=\"font-family: Times New Roman, serif;\">Wsp\u00f3lnie prze\u015bledzili\u015bmy trudn\u0105 drog\u0119 Polak\u00f3w do niepodleg\u0142o\u015bci&#8230;W programie si\u0119gn\u0119li\u015bmy do czas\u00f3w insurekcji ko\u015bciuszkowskiej, przybli\u017cyli\u015bmy histori\u0119 powstania &#8222;Mazurka D\u0105browskiego&#8221;. Wspominali\u015bmy form\u0105 teatru cieni czas po\u017cogi kolejnych powsta\u0144, tu\u0142aczk\u0119 \u017co\u0142niersk\u0105, czy ucisk dzieci wrzesi\u0144skich. W obronie tego, co sercu bliskie, bywa\u0142y te\u017c weselsze dni, co starali\u015bmy si\u0119 odda\u0107 gr\u0105 na dzwonkach, ta\u0144cem polskich kwiat\u00f3w, czy piosenk\u0105. W finale programu zosta\u0142 wyemitowany film pt. &#8222;Nasz patriotyzm&#8221;, ukazuj\u0105cy, jak polsko\u015b\u0107 odnale\u017ali w swych domach i sercach nasi uczniowie i ich rodziny. <\/span><\/p>\n<p align=\"justify\"><span style=\"font-family: Times New Roman, serif;\">Pan dyrektor Mariusz Kami\u0144ski serdecznie podzi\u0119kowa\u0142 wszystkim zaanga\u017cowanym w powstanie patriotycznych, pami\u0105tkowych film\u00f3w, a nast\u0119pnie radny powiatu pilskiego p. Marek Kami\u0144ski \u017cyczy\u0142, aby\u015bmy nigdy nie musieli ponownie walczy\u0107 o nasz\u0105 wolno\u015b\u0107. Cz\u0119\u015b\u0107 oficjaln\u0105 zako\u0144czy\u0142o zaproszenie do zwiedzenia Izby Pami\u0119ci i pocz\u0119stunek przygotowany przez rad\u0119 so\u0142eck\u0105 Miros\u0142awia.<br \/><br \/><\/span><\/p>\n<ul>\n<li>\n<p align=\"justify\"><span style=\"font-family: Times New Roman, serif;\"><i><b>XIV \u015awiatowy Dzie\u0144 Tabliczki Mno\u017cenia<\/b><\/i><\/span><\/p>\n<\/li>\n<\/ul>\n<p><span style=\"font-family: Times New Roman, serif;\">Po raz kolejny nasza szko\u0142a bra\u0142a udzia\u0142 w akcji edukacyjnej, kt\u00f3ra ma na celu zach\u0119ci\u0107 wszystkich, zar\u00f3wno starszych jak i m\u0142odszych, do przypomnienia sobie tabliczki mno\u017cenia. W naszej szkolnej akcji w tym roku wzi\u0119li udzia\u0142 r\u00f3wnie\u017c rodzice. <\/span><\/p>\n<p><span style=\"font-family: Times New Roman, serif;\">Nauka poprzez zabaw\u0119 zawsze przynosi najlepsze efekty. Uczniowie mogli wykaza\u0107 si\u0119 nie tylko znajomo\u015bci\u0105 tabliczki, ale r\u00f3wnie\u017c sprytem i refleksem. Nie zabrak\u0142o zagadek logicznych i rywalizacji. <\/span><\/p>\n<p><span style=\"font-family: Times New Roman, serif;\">Podsumowanie rywalizacji o tytu\u0142 &#8222;Mistrza Tabliczki Mno\u017cenia&#8221;:<br \/><\/span><span style=\"font-family: Times New Roman, serif;\">I miejsce- Szkolny Mistrz Tabliczki Mno\u017cenia &#8211; Maja Ilczuk z kl. 5,<br \/><\/span><span style=\"font-family: Times New Roman, serif;\">II miejsce &#8211; Lena D\u0105bek z kl.7,<br \/><\/span><span style=\"font-family: Times New Roman, serif;\">III miejsce &#8211; Olivier Latanowicz z kl.6,<br \/><\/span><span style=\"font-family: Times New Roman, serif;\">Wyr\u00f3\u017cnienie &#8211; Nadia Pa\u0144czak z kl. 8.<br \/><br \/><\/span><\/p>\n<ul>\n<li>\n<p><span style=\"font-family: Times New Roman, serif;\"><i><b>Dzie\u0144 \u017byczliwo\u015bci i Pozdrowie\u0144<\/b><\/i><\/span><\/p>\n<\/li>\n<\/ul>\n<p align=\"justify\"><span style=\"font-family: Times New Roman, serif;\">Polonistyczne wyzwanie.. Podaj dobre s\u0142owo dalej\u2026<\/span><\/p>\n<p align=\"justify\"><span style=\"font-family: Times New Roman, serif;\">To dzie\u0144 pozytywnych emocji i dobrych uczynk\u00f3w. Idea \u015bwi\u0119towania narodzi\u0142a si\u0119 w Stanach Zjednoczonych w 1973 roku z inicjatywy student\u00f3w, braci Briana i Michaela McCormack\u00f3w, jako wezwanie do pokoju w odpowiedzi na wojn\u0119 mi\u0119dzy Izraelem a Egiptem, ustanowiono World Hello Day. W Polsce obchodzimy to \u015bwi\u0119to od 2006 roku.<br \/><\/span><span style=\"font-size: revert; text-indent: 0em; font-family: 'Times New Roman', serif;\">S<\/span><span style=\"font-size: revert; text-indent: 0em;\">tarali\u015bmy si\u0119 bardziej ni\u017c zawsze by\u0107 dla siebie dobrzy i sp\u0119dzi\u0107 pozytywnie czas mi\u0119dzy lekcjami. Na zaproszenie Pani pedagog oraz psycholog klasy realizowa\u0142y ciekawe zadania zwi\u0105zane z \u017cyczliwo\u015bci\u0105. Mogli\u015bmy obdarowywa\u0107 si\u0119 tajemniczymi karteczkami, kt\u00f3re mo\u017cna by\u0142o znale\u017a\u0107 na korytarzu szkolnym. Ponadto cz\u0142onkowie SU na chwilk\u0119 stali si\u0119 dor\u0119czycielami dobrych my\u015bli dla swoich s\u0105siad\u00f3w i bliskich.<br \/><\/span><span style=\"font-family: Times New Roman, serif;\">Zach\u0119camy wszystkich do \u015bwi\u0119towania i bycia \u017cyczliwym przez ca\u0142y rok!<br \/><br \/><\/span><\/p>\n<ul>\n<li>\n<p align=\"justify\"><i><b>Jesienne spotkanie klas m\u0142odszych<\/b><\/i><\/p>\n<\/li>\n<\/ul>\n<p align=\"justify\"><span style=\"font-family: Times New Roman, serif;\">21.11 <\/span><span style=\"font-family: Times New Roman, serif;\">w klasach 1-3 odby\u0142o si\u0119 \u201eSpotkanie z Jesieni\u0105\u201d Uczniowie poprzez gry i zabawy edukacyjne, wiersze i piosenki utrwalili wiedz\u0119 na temat zmian zachodz\u0105cych w przyrodzie jesieni\u0105. W mi\u0142ej atmosferze szybko up\u0142yn\u0105\u0142 nam czas. Bardzo lubimy nasze klasowe spotkania!<br \/><br \/><\/span><\/p>\n<ul>\n<li>\n<p align=\"justify\"><span style=\"font-family: Times New Roman, serif;\"><i><b>Bieg w pi\u017camach<\/b><\/i><\/span><\/p>\n<\/li>\n<\/ul>\n<p align=\"justify\"><span style=\"font-family: Times New Roman, serif;\">23 listopada do\u0142\u0105czyli\u015bmy do akcji \u201eObud\u017a w sobie Anio\u0142a\u201d zorganizowanej przez fundacj\u0119 \u201eGdy liczy si\u0119 czas\u201d \u2013 biegn\u0105c wraz z Teamem Uj\u015bcie i OSP w NWU. <\/span>Bieg w pi\u017camach to og\u00f3lnopolski cykl imprez maj\u0105cych na celu wsparcie dzieci chorych na nowotwory, leczonych onkologicznie, kt\u00f3re czasami 90% \u017cycia sp\u0119dzaj\u0105 w pi\u017camkach na oddzia\u0142ach, badaniach itd. <span style=\"font-family: Times New Roman, serif;\">Uda\u0142o nam si\u0119 do\u0142o\u017cy\u0107 do zebranej kwoty &#8211; 440z\u0142, co stanowi blisko 20% . Brawo Wy!<br \/><br \/><\/span><\/p>\n<ul>\n<li>\n<p align=\"justify\"><span style=\"font-family: Times New Roman, serif;\"><i><b>Dzie\u0144 Pluszowego Misia<\/b><\/i><\/span><\/p>\n<\/li>\n<\/ul>\n<p><span style=\"font-family: Times New Roman, serif;\"><b>(Oddzia\u0142 przedszkolny w Nowej Wsi Ujskiej)<br \/><\/b><\/span><span style=\"font-family: Times New Roman, serif;\">Pluszowy mi\u015b to najlepszy przyjaciel ka\u017cdego dziecka, ukochana maskotka na dobre i z\u0142e chwile. Mo\u017cna go przytuli\u0107, a nawet powiedzie\u0107 mu o czym\u015b bardzo wa\u017cnym. Z tej okazji w dniu 25.11.2024 r. przedszkolaki z naszego oddzia\u0142u przedszkolnego uczestniczy\u0142y w obchodach &#8222;\u015awiatowego Dnia Pluszowego Misia&#8221;. Ka\u017cde dziecko przysz\u0142o do przedszkola ze swoim &#8222;milutkim przyjacielem&#8221;. Mo\u017cna by\u0142o zobaczy\u0107 misie ma\u0142e, \u015brednie, du\u017ce, br\u0105zowe, r\u00f3\u017cowe, bia\u0142e itd. Wszystkie by\u0142y \u015bliczne i wyj\u0105tkowe. W tym weso\u0142ym dniu przedszkolaki czeka\u0142o wiele atrakcji. Zosta\u0142y zaproszone do wsp\u00f3lnej zabawy ze swoimi misiami, pozna\u0142y r\u00f3wnie\u017c histori\u0119 ich \u015bwi\u0119ta i bawi\u0142y si\u0119 do znanych misiowych przeboj\u00f3w. Nie mog\u0142o zabrakn\u0105\u0107 w\u0142asnor\u0119cznie zrobionych przepysznych, misiowych przysmak\u00f3w.<br \/><\/span><span style=\"font-family: Times New Roman, serif;\">Ten wyj\u0105tkowy dzie\u0144 by\u0142 pe\u0142en u\u015bmiechu i \u015bwietnej zabawy. Dzieci by\u0142y szcz\u0119\u015bliwie, i\u017c mog\u0142y sp\u0119dzi\u0107 tyle czasu ze swoimi pluszowymi ulubie\u0144cami oraz pokaza\u0107 ich swoim kole\u017cankom i kolegom z grupy.<\/span><\/p>\n<p><span style=\"font-family: Times New Roman, serif;\"><b>(Oddzia\u0142 przedszkolny w Miros\u0142awiu)<br \/><\/b><\/span><span style=\"font-family: Times New Roman, serif;\">Natomiast \u015bwi\u0119to Pluszowego Misia w oddziale przedszkolnym w Miros\u0142awiu \u015bwi\u0119towali\u015bmy w <\/span><span style=\"font-family: Times New Roman, serif;\">dniach 25 i 26 listopada. Wszystkie dzieci pojawi\u0142y si\u0119 ze swoimi pluszakami. Zabawa rozpocz\u0119\u0142a si\u0119 korowodem. Ka\u017cde dziecko powiedzia\u0142o kilka s\u0142\u00f3w o swoim przyjacielu. Towarzyszy\u0142y nam zabawy ko\u0142owe z misiem w roli g\u0142\u00f3wnej. Znale\u017ali\u015bmy te\u017c czas na wsp\u00f3lny spacer. Podczas zaj\u0119\u0107 plastycznych dzieci wycina\u0142y, kolorowa\u0142y, przykleja\u0142y, a\u017c powsta\u0142y zabawne misiaki. Rozwi\u0105zywa\u0142y te\u017c zagadki o postaciach bajkowych. Weso\u0142ym poci\u0105giem wjecha\u0142y na sal\u0119 gimnastyczn\u0105 by kontynuowa\u0107 wsp\u00f3ln\u0105 zabaw\u0119. Na koniec dnia otrzyma\u0142y s\u0142odki upominek w postaci &#8222;misia-lubisia&#8221;.<br \/><br \/><\/span><\/p>\n<ul>\n<li>\n<p><span style=\"font-family: Times New Roman, serif;\"><i><b>Matematyczny Dzie\u0144 Fibonacciego<\/b><\/i><\/span><\/p>\n<\/li>\n<\/ul>\n<p align=\"justify\"><span style=\"font-family: Times New Roman, serif;\">23 listopada obchodzony by\u0142 Dzie\u0144 Fibonacciego. W\u0142oski matematyk zas\u0142yn\u0105\u0142 z odkrycia ci\u0105gu liczb, w kt\u00f3rym ka\u017cda kolejna liczba jest sum\u0105 dw\u00f3ch poprzednich:\u00a0<\/span><span style=\"font-family: Times New Roman, serif;\">1, 1, 2, 3, 5, 8, 13, 21, 34, 55, 89, 144, 233, 377, 610, 987 &#8230;<br \/><\/span><span style=\"font-family: Times New Roman, serif;\">Ju\u017c w zapisie daty 23 listopada(11\/23) znajdziemy cztery kolejne wyrazy ci\u0105gu Fibonacciego. Ci\u0105g ten pojawia si\u0119 niemal wsz\u0119dzie wok\u00f3\u0142 nas, m.in. w przyrodzie, architekturze, sztuce, muzyce, anatomii ludzkiego cia\u0142a czy informatyce.<br \/><\/span><span style=\"font-family: 'Times New Roman', serif; font-size: revert; text-indent: 0em;\">R\u00f3wnie\u017c i my uczcili\u015bmy ten dzie\u0144 na k\u00f3\u0142ku matematycznym, a uczniowie wykonali przepi\u0119kne spirale.<br \/><br \/><\/span><\/p>\n<ul>\n<li>\n<p align=\"justify\"><span style=\"font-family: Times New Roman, serif;\"><i><b>II miejsce Karola w konkursie powiatowym<\/b><\/i><\/span><\/p>\n<\/li>\n<\/ul>\n<p align=\"justify\"><span style=\"font-family: Times New Roman, serif;\">26 listopada w M\u0142odzie\u017cowym Domu Kultury &#8222;Iskra&#8221; w Pile odby\u0142 si\u0119 ju\u017c po raz 4 Powiatowy Konkurs Pi\u0119knego Czytania Tekst\u00f3w Pisanych Proz\u0105. Ucze\u0144 naszej szko\u0142y &#8211; Karol Pe\u0142echaty &#8211; zaj\u0105\u0142 II miejsce, prezentuj\u0105c fragment &#8222;W\u0142adcy Lewawu&#8221; Doroty Terakowskiej. Gratulujemy serdecznie, tym bardziej, \u017ce w\u015br\u00f3d reprezentant\u00f3w szk\u00f3\u0142 podstawowych powiatu pilskiego poziom wyst\u0105pie\u0144 by\u0142 niezwykle wysoki i wyr\u00f3wnany. Po cz\u0119\u015bci konkursowej uczestnicy mogli om\u00f3wi\u0107 swoje prezentacje z cz\u0142onkami jury &#8211; by\u0142y to niezwykle cenne wskaz\u00f3wki do dalszej pracy nad doskonaleniem czytanego tekstu. Gmina Uj\u015bcie zosta\u0142a wyr\u00f3\u017cniona, bowiem dwoje jej uczni\u00f3w stan\u0119\u0142o na podium- Karol z msc.2 i Lena z msc.3. Jeste\u015bmy z Was dumni!<\/span><\/p>\n","protected":false},"excerpt":{"rendered":"<p>Dzie\u0144 Edukacji Narodowej 11 pa\u017adziernika 2024r. by\u0142 niezwykle uroczysty, poniewa\u017c \u015bwi\u0119towali\u015bmy podw\u00f3jnie: pasowanie na ucznia klasy I i Dzie\u0144 Edukacji Narodowej, \u015bwi\u0119to ca\u0142ej spo\u0142eczno\u015bci szkolnej. Mi\u0142o nam by\u0142o go\u015bci\u0107 Pana &hellip;<\/p>\n","protected":false},"author":1,"featured_media":11164,"comment_status":"closed","ping_status":"closed","sticky":false,"template":"","format":"standard","meta":{"_themeisle_gutenberg_block_has_review":false,"footnotes":""},"categories":[50],"tags":[],"class_list":["post-11156","post","type-post","status-publish","format-standard","has-post-thumbnail","hentry","category-kronika-2024-2024"],"_links":{"self":[{"href":"https:\/\/spnwu.pl\/index.php\/wp-json\/wp\/v2\/posts\/11156","targetHints":{"allow":["GET"]}}],"collection":[{"href":"https:\/\/spnwu.pl\/index.php\/wp-json\/wp\/v2\/posts"}],"about":[{"href":"https:\/\/spnwu.pl\/index.php\/wp-json\/wp\/v2\/types\/post"}],"author":[{"embeddable":true,"href":"https:\/\/spnwu.pl\/index.php\/wp-json\/wp\/v2\/users\/1"}],"replies":[{"embeddable":true,"href":"https:\/\/spnwu.pl\/index.php\/wp-json\/wp\/v2\/comments?post=11156"}],"version-history":[{"count":6,"href":"https:\/\/spnwu.pl\/index.php\/wp-json\/wp\/v2\/posts\/11156\/revisions"}],"predecessor-version":[{"id":11168,"href":"https:\/\/spnwu.pl\/index.php\/wp-json\/wp\/v2\/posts\/11156\/revisions\/11168"}],"wp:featuredmedia":[{"embeddable":true,"href":"https:\/\/spnwu.pl\/index.php\/wp-json\/wp\/v2\/media\/11164"}],"wp:attachment":[{"href":"https:\/\/spnwu.pl\/index.php\/wp-json\/wp\/v2\/media?parent=11156"}],"wp:term":[{"taxonomy":"category","embeddable":true,"href":"https:\/\/spnwu.pl\/index.php\/wp-json\/wp\/v2\/categories?post=11156"},{"taxonomy":"post_tag","embeddable":true,"href":"https:\/\/spnwu.pl\/index.php\/wp-json\/wp\/v2\/tags?post=11156"}],"curies":[{"name":"wp","href":"https:\/\/api.w.org\/{rel}","templated":true}]}}