{"id":11014,"date":"2024-11-21T07:52:49","date_gmt":"2024-11-21T06:52:49","guid":{"rendered":"https:\/\/spnwu.pl\/?p=11014"},"modified":"2025-09-02T13:06:11","modified_gmt":"2025-09-02T12:06:11","slug":"list-wielkopolskiego-kuratora-oswiaty-na-miedzynarodowy-dzien-praw-dziecka","status":"publish","type":"post","link":"https:\/\/spnwu.pl\/index.php\/2024\/11\/21\/list-wielkopolskiego-kuratora-oswiaty-na-miedzynarodowy-dzien-praw-dziecka\/kronika\/kronika-2024-2024\/","title":{"rendered":"List Wielkopolskiego Kuratora O\u015bwiaty na Mi\u0119dzynarodowy Dzie\u0144 Praw Dziecka"},"content":{"rendered":"\n<p>20 listopada obchodzimy Mi\u0119dzynarodowy Dzie\u0144 Praw Dziecka. Z tej okazji Wielkopolski Kurator O\u015bwiaty wystosowa\u0142 list otwarty<\/p>\n<p>&#8222;Ka\u017cde dziecko ma swoje niezbywalne prawa \u2013 do mi\u0142o\u015bci, bezpiecze\u0144stwa, szacunku, nauki, zabawy i bycia wys\u0142uchanym. Te prawa przys\u0142uguj\u0105 im zawsze, niezale\u017cnie od wynik\u00f3w w nauce, zachowania czy naszych oczekiwa\u0144. To w\u0142a\u015bnie ich przestrzeganie buduje w dzieciach poczucie warto\u015bci i pozwala im wzrasta\u0107 w pewno\u015bci siebie.<\/p>\n<p>Dzieci s\u0105 nie tylko przysz\u0142o\u015bci\u0105 \u2013 s\u0105 wa\u017cne tu i teraz. Wnosz\u0105 do naszego \u017cycia energi\u0119, ciekawo\u015b\u0107 \u015bwiata i szczero\u015b\u0107, kt\u00f3re przypominaj\u0105 nam, co naprawd\u0119 si\u0119 liczy. Jednocze\u015bnie to w\u0142a\u015bnie one b\u0119d\u0105 tworzy\u0107 \u015bwiat, w kt\u00f3rym wszyscy b\u0119dziemy \u017cy\u0107. To, jakie fundamenty im teraz zapewnimy, czego ich nauczymy, co im przeka\u017cemy, b\u0119dzie mia\u0142o ogromny wp\u0142yw na ich doros\u0142e a nasze przysz\u0142e \u017cycie.<\/p>\n<p>Dzieci to przyszli tw\u00f3rcy \u015bwiata, w kt\u00f3rym wszyscy b\u0119dziemy \u017cy\u0107. W ich r\u0119kach spoczywa przysz\u0142o\u015b\u0107, ale to my, doro\u015bli, odpowiadamy za to, jak j\u0105 przygotujemy.<\/p>\n<p>Nasza rola jako doros\u0142ych polega nie tylko na nauczaniu i wyznaczaniu granic, ale te\u017c na dawaniu przestrzeni do podejmowania decyzji i uczenia si\u0119 odpowiedzialno\u015bci \u2013 tak\u017ce poprzez pope\u0142nianie b\u0142\u0119d\u00f3w. Cho\u0107 czasem trudno nam zaakceptowa\u0107 wybory dzieci, musimy pami\u0119ta\u0107, \u017ce to w\u0142a\u015bnie w tych chwilach zdobywaj\u0105 do\u015bwiadczenie, kt\u00f3re przygotowuje je do \u017cycia.<\/p>\n<p><strong>Drodzy Uczniowie,<br \/><\/strong>\u015bwiat potrzebuje Waszej odwagi, marze\u0144 i pomys\u0142\u00f3w. Nie b\u00f3jcie si\u0119 pr\u00f3bowa\u0107, nawet je\u015bli co\u015b si\u0119 nie uda \u2013 to cz\u0119\u015b\u0107 nauki. Pami\u0119tajcie, \u017ce jeste\u015bcie wa\u017cniejsi, ni\u017c czasem Wam si\u0119 wydaje<em>.<\/em><\/p>\n<p><strong>Szanowni Pa\u0144stwo,<\/strong><br \/>nie zapominajmy, \u017ce dzieci\u0144stwo to pe\u0142noprawny czas \u017cycia, kt\u00f3ry mo\u017ce i powinien by\u0107 warto\u015bciowy i pi\u0119kny. Naszym wsp\u00f3lnym obowi\u0105zkiem jest sprawi\u0107, by ka\u017cde dziecko mog\u0142o prze\u017cy\u0107 ten czas w poczuciu mi\u0142o\u015bci i bezpiecze\u0144stwa, ucz\u0105c si\u0119 jednocze\u015bnie, jak stawa\u0107 si\u0119 odpowiedzialnym i szcz\u0119\u015bliwym cz\u0142owiekiem.<\/p>\n<p>Nauczymy si\u0119 dostrzega\u0107 w dzieciach nie tylko uczni\u00f3w, ale przede wszystkim ludzi \u2013 z ich marzeniami, emocjami i potencja\u0142em.<\/p>\n<p>dr Igor Bykowski<br \/>Wielkopolski Kurator O\u015bwiaty&#8221;<\/p>\n","protected":false},"excerpt":{"rendered":"<p>20 listopada obchodzimy Mi\u0119dzynarodowy Dzie\u0144 Praw Dziecka. Z tej okazji Wielkopolski Kurator O\u015bwiaty wystosowa\u0142 list otwarty &#8222;Ka\u017cde dziecko ma swoje niezbywalne prawa \u2013 do mi\u0142o\u015bci, bezpiecze\u0144stwa, szacunku, nauki, zabawy i &hellip;<\/p>\n","protected":false},"author":1,"featured_media":10384,"comment_status":"closed","ping_status":"closed","sticky":false,"template":"","format":"standard","meta":{"_themeisle_gutenberg_block_has_review":false,"footnotes":""},"categories":[50],"tags":[],"class_list":["post-11014","post","type-post","status-publish","format-standard","has-post-thumbnail","hentry","category-kronika-2024-2024"],"_links":{"self":[{"href":"https:\/\/spnwu.pl\/index.php\/wp-json\/wp\/v2\/posts\/11014","targetHints":{"allow":["GET"]}}],"collection":[{"href":"https:\/\/spnwu.pl\/index.php\/wp-json\/wp\/v2\/posts"}],"about":[{"href":"https:\/\/spnwu.pl\/index.php\/wp-json\/wp\/v2\/types\/post"}],"author":[{"embeddable":true,"href":"https:\/\/spnwu.pl\/index.php\/wp-json\/wp\/v2\/users\/1"}],"replies":[{"embeddable":true,"href":"https:\/\/spnwu.pl\/index.php\/wp-json\/wp\/v2\/comments?post=11014"}],"version-history":[{"count":1,"href":"https:\/\/spnwu.pl\/index.php\/wp-json\/wp\/v2\/posts\/11014\/revisions"}],"predecessor-version":[{"id":11015,"href":"https:\/\/spnwu.pl\/index.php\/wp-json\/wp\/v2\/posts\/11014\/revisions\/11015"}],"wp:featuredmedia":[{"embeddable":true,"href":"https:\/\/spnwu.pl\/index.php\/wp-json\/wp\/v2\/media\/10384"}],"wp:attachment":[{"href":"https:\/\/spnwu.pl\/index.php\/wp-json\/wp\/v2\/media?parent=11014"}],"wp:term":[{"taxonomy":"category","embeddable":true,"href":"https:\/\/spnwu.pl\/index.php\/wp-json\/wp\/v2\/categories?post=11014"},{"taxonomy":"post_tag","embeddable":true,"href":"https:\/\/spnwu.pl\/index.php\/wp-json\/wp\/v2\/tags?post=11014"}],"curies":[{"name":"wp","href":"https:\/\/api.w.org\/{rel}","templated":true}]}}